{"id":1835,"date":"2021-04-09T16:48:39","date_gmt":"2021-04-09T12:48:39","guid":{"rendered":"http:\/\/college-chemin-morin.ac-reunion.fr\/?p=1835"},"modified":"2021-04-09T19:05:34","modified_gmt":"2021-04-09T15:05:34","slug":"information-covid-19-n7-2","status":"publish","type":"post","link":"https:\/\/etab.ac-reunion.fr\/clg-chemin-morin\/information-covid-19-n7-2\/","title":{"rendered":"Information COVID-19 N\u00b08"},"content":{"rendered":"\n<p>Nous vous informons que ces derniers jours deux cas de Covid + Variant Sud Africain ont \u00e9t\u00e9 d\u00e9tect\u00e9s dans l&rsquo;\u00e9tablissement. <br><br>Les \u00e9l\u00e8ves des deux classes concern\u00e9es ont \u00e9t\u00e9 lib\u00e9r\u00e9s d\u00e8s jeudi soir.<br><br>Un cas en classe de 604 avec un retour des \u00e9l\u00e8ves le 12 avril 2021 au minimum, avec un test n\u00e9gatif ;<br><br>Un cas en classe de 503 avec un retour des \u00e9l\u00e8ves le 15 avril 2021 au minimum, avec un test n\u00e9gatif.<br><br>Nous vous tiendrons inform\u00e9s r\u00e9guli\u00e8rement de la situation et les enseignants assureront la continuit\u00e9 p\u00e9dagogique pour les \u00e9l\u00e8ves concern\u00e9s.<br> <br>Pour information : le protocole applicable en \u00e9tablissement scolaire dans les d\u00e9partements d&rsquo;Outre-mer demeure celui en vigueur le 29 octobre 2020, conform\u00e9ment \u00e0 l&rsquo;article 55 du d\u00e9cret n\u00b0 2020-1310 du 29 octobre 2020.<br><br>La direction<\/p>\n","protected":false},"excerpt":{"rendered":"<p>Nous vous informons que ces derniers jours deux cas de Covid + Variant Sud Africain ont \u00e9t\u00e9 d\u00e9tect\u00e9s dans l&rsquo;\u00e9tablissement. Les \u00e9l\u00e8ves des deux classes concern\u00e9es ont \u00e9t\u00e9 lib\u00e9r\u00e9s d\u00e8s [&hellip;]<\/p>\n","protected":false},"author":13978,"featured_media":0,"comment_status":"closed","ping_status":"open","sticky":false,"template":"","format":"standard","meta":{"_et_pb_use_builder":"","_et_pb_old_content":"","_et_gb_content_width":"","_EventAllDay":false,"_EventTimezone":"","_EventStartDate":"","_EventEndDate":"","_EventStartDateUTC":"","_EventEndDateUTC":"","_EventShowMap":false,"_EventShowMapLink":false,"_EventURL":"","_EventCost":"","_EventCostDescription":"","_EventCurrencySymbol":"","_EventCurrencyCode":"","_EventCurrencyPosition":"","_EventDateTimeSeparator":"","_EventTimeRangeSeparator":"","_EventOrganizerID":[],"_EventVenueID":[],"_OrganizerEmail":"","_OrganizerPhone":"","_OrganizerWebsite":"","_VenueAddress":"","_VenueCity":"","_VenueCountry":"","_VenueProvince":"","_VenueState":"","_VenueZip":"","_VenuePhone":"","_VenueURL":"","_VenueStateProvince":"","_VenueLat":"","_VenueLng":"","_VenueShowMap":false,"_VenueShowMapLink":false,"footnotes":"","_links_to":"","_links_to_target":""},"categories":[1,23],"tags":[],"class_list":["post-1835","post","type-post","status-publish","format-standard","hentry","category-non-classe","category-informations-parents"],"_links":{"self":[{"href":"https:\/\/etab.ac-reunion.fr\/clg-chemin-morin\/wp-json\/wp\/v2\/posts\/1835","targetHints":{"allow":["GET"]}}],"collection":[{"href":"https:\/\/etab.ac-reunion.fr\/clg-chemin-morin\/wp-json\/wp\/v2\/posts"}],"about":[{"href":"https:\/\/etab.ac-reunion.fr\/clg-chemin-morin\/wp-json\/wp\/v2\/types\/post"}],"author":[{"embeddable":true,"href":"https:\/\/etab.ac-reunion.fr\/clg-chemin-morin\/wp-json\/wp\/v2\/users\/13978"}],"replies":[{"embeddable":true,"href":"https:\/\/etab.ac-reunion.fr\/clg-chemin-morin\/wp-json\/wp\/v2\/comments?post=1835"}],"version-history":[{"count":3,"href":"https:\/\/etab.ac-reunion.fr\/clg-chemin-morin\/wp-json\/wp\/v2\/posts\/1835\/revisions"}],"predecessor-version":[{"id":1841,"href":"https:\/\/etab.ac-reunion.fr\/clg-chemin-morin\/wp-json\/wp\/v2\/posts\/1835\/revisions\/1841"}],"wp:attachment":[{"href":"https:\/\/etab.ac-reunion.fr\/clg-chemin-morin\/wp-json\/wp\/v2\/media?parent=1835"}],"wp:term":[{"taxonomy":"category","embeddable":true,"href":"https:\/\/etab.ac-reunion.fr\/clg-chemin-morin\/wp-json\/wp\/v2\/categories?post=1835"},{"taxonomy":"post_tag","embeddable":true,"href":"https:\/\/etab.ac-reunion.fr\/clg-chemin-morin\/wp-json\/wp\/v2\/tags?post=1835"}],"curies":[{"name":"wp","href":"https:\/\/api.w.org\/{rel}","templated":true}]}}