{"id":1875,"date":"2021-05-18T15:38:07","date_gmt":"2021-05-18T11:38:07","guid":{"rendered":"http:\/\/college-chemin-morin.ac-reunion.fr\/?p=1875"},"modified":"2021-05-18T15:42:37","modified_gmt":"2021-05-18T11:42:37","slug":"information-covid-19-n11","status":"publish","type":"post","link":"https:\/\/etab.ac-reunion.fr\/clg-chemin-morin\/information-covid-19-n11\/","title":{"rendered":"information Covid-19 n\u00b011"},"content":{"rendered":"\n<p>L\u2019apparition d\u2019un variant chez un \u00e9l\u00e8ve de la classe 608 durant les vacances n&rsquo;a pas entra\u00een\u00e9 de fermeture de <br>classe cependant tous les \u00e9l\u00e8ves de la classe sont assimil\u00e9s \u00e0 des contacts \u00e0 risque.<br><br>Aussi, tous les \u00e9l\u00e8ves et contacts identifi\u00e9s devaient faire un 1er test imm\u00e9diatement et un second \u00e0 J+7 soit le mercredi 12 mai 2021<br><br>Si le 2\u00e8me test a \u00e9t\u00e9 n\u00e9gatif alors ils ont pu reprendre une scolarit\u00e9 normale d\u00e8s ce lundi 17 mai.<br><br>Pour ceux qui n&rsquo;ont pas fait de test, l\u2019isolement est prolong\u00e9 jusqu\u2019au mercredi 19 mai 2021.<br><br>La Direction<\/p>\n","protected":false},"excerpt":{"rendered":"<p>L\u2019apparition d\u2019un variant chez un \u00e9l\u00e8ve de la classe 608 durant les vacances n&rsquo;a pas entra\u00een\u00e9 de fermeture de classe cependant tous les \u00e9l\u00e8ves de la classe sont assimil\u00e9s \u00e0 [&hellip;]<\/p>\n","protected":false},"author":13978,"featured_media":0,"comment_status":"closed","ping_status":"open","sticky":false,"template":"","format":"standard","meta":{"_et_pb_use_builder":"","_et_pb_old_content":"","_et_gb_content_width":"","_EventAllDay":false,"_EventTimezone":"","_EventStartDate":"","_EventEndDate":"","_EventStartDateUTC":"","_EventEndDateUTC":"","_EventShowMap":false,"_EventShowMapLink":false,"_EventURL":"","_EventCost":"","_EventCostDescription":"","_EventCurrencySymbol":"","_EventCurrencyCode":"","_EventCurrencyPosition":"","_EventDateTimeSeparator":"","_EventTimeRangeSeparator":"","_EventOrganizerID":[],"_EventVenueID":[],"_OrganizerEmail":"","_OrganizerPhone":"","_OrganizerWebsite":"","_VenueAddress":"","_VenueCity":"","_VenueCountry":"","_VenueProvince":"","_VenueState":"","_VenueZip":"","_VenuePhone":"","_VenueURL":"","_VenueStateProvince":"","_VenueLat":"","_VenueLng":"","_VenueShowMap":false,"_VenueShowMapLink":false,"footnotes":"","_links_to":"","_links_to_target":""},"categories":[1,23,20],"tags":[],"class_list":["post-1875","post","type-post","status-publish","format-standard","hentry","category-non-classe","category-informations-parents","category-informations-pratiques"],"_links":{"self":[{"href":"https:\/\/etab.ac-reunion.fr\/clg-chemin-morin\/wp-json\/wp\/v2\/posts\/1875","targetHints":{"allow":["GET"]}}],"collection":[{"href":"https:\/\/etab.ac-reunion.fr\/clg-chemin-morin\/wp-json\/wp\/v2\/posts"}],"about":[{"href":"https:\/\/etab.ac-reunion.fr\/clg-chemin-morin\/wp-json\/wp\/v2\/types\/post"}],"author":[{"embeddable":true,"href":"https:\/\/etab.ac-reunion.fr\/clg-chemin-morin\/wp-json\/wp\/v2\/users\/13978"}],"replies":[{"embeddable":true,"href":"https:\/\/etab.ac-reunion.fr\/clg-chemin-morin\/wp-json\/wp\/v2\/comments?post=1875"}],"version-history":[{"count":2,"href":"https:\/\/etab.ac-reunion.fr\/clg-chemin-morin\/wp-json\/wp\/v2\/posts\/1875\/revisions"}],"predecessor-version":[{"id":1879,"href":"https:\/\/etab.ac-reunion.fr\/clg-chemin-morin\/wp-json\/wp\/v2\/posts\/1875\/revisions\/1879"}],"wp:attachment":[{"href":"https:\/\/etab.ac-reunion.fr\/clg-chemin-morin\/wp-json\/wp\/v2\/media?parent=1875"}],"wp:term":[{"taxonomy":"category","embeddable":true,"href":"https:\/\/etab.ac-reunion.fr\/clg-chemin-morin\/wp-json\/wp\/v2\/categories?post=1875"},{"taxonomy":"post_tag","embeddable":true,"href":"https:\/\/etab.ac-reunion.fr\/clg-chemin-morin\/wp-json\/wp\/v2\/tags?post=1875"}],"curies":[{"name":"wp","href":"https:\/\/api.w.org\/{rel}","templated":true}]}}