{"id":1895,"date":"2021-05-27T11:24:49","date_gmt":"2021-05-27T07:24:49","guid":{"rendered":"http:\/\/college-chemin-morin.ac-reunion.fr\/?p=1895"},"modified":"2021-05-27T11:51:53","modified_gmt":"2021-05-27T07:51:53","slug":"activation-de-la-plate-forme-telephonique-au-saio-2","status":"publish","type":"post","link":"https:\/\/etab.ac-reunion.fr\/clg-chemin-morin\/activation-de-la-plate-forme-telephonique-au-saio-2\/","title":{"rendered":"Activation de la plate-forme t\u00e9l\u00e9phonique au SAIO"},"content":{"rendered":"\n<p class=\"has-text-align-center\">Afin de mieux r\u00e9pondre aux familles sur les questions relatives \u00e0 l&rsquo;affectation de leurs enfants, je vous informe que la plate-forme t\u00e9l\u00e9phonique va de nouveau \u00eatre mise en place cette ann\u00e9e aux services acad\u00e9miques d&rsquo;information et d&rsquo;orientation (SAIO).<br><br>Celle-ci traitera de tous les niveaux de classes except\u00e9es les questions relatives \u00e0 Parcoursup.<br>Le num\u00e9ro mis \u00e0 la disposition des familles est le suivant .<br><br><strong><span class=\"has-inline-color has-vivid-red-color\"><kbd>02 62 48 10 80<\/kbd><\/span><\/strong><br>  <br>Cette plate-forme sera op\u00e9rationnelle du <strong>lundi 17 mai au vendredi 9 juillet 2021 inclus<\/strong> et du <strong>lundi 9 ao\u00fbt au vendredi 27 ao\u00fbt 2021 inclus<\/strong>, de <strong>9h00 \u00e0 12h00 et de 13h00 \u00e0 16h00<\/strong>.<br><br>N\u00e9anmoins, les \u00e9tablissements et les personnels d&rsquo;orientation constituent le premier niveau d&rsquo;information des familles, \u00e0 toutes les \u00e9tapes de l&rsquo;orientation et de l&rsquo;affectation et c&rsquo;est vers vous qu&rsquo;elles doivent \u00eatre orient\u00e9es en priorit\u00e9.<br><br>Enfin, de tr\u00e8s nombreuses informations (entre autres la carte scolaire pour la sectorisation, les guides affelnet,&#8230; ) sont consultables sur le site de l&rsquo;acad\u00e9mie de La R\u00e9union (rubrique orientation-formation, affectation en coll\u00e8ge et lyc\u00e9e).<br><\/p>\n","protected":false},"excerpt":{"rendered":"<p>Afin de mieux r\u00e9pondre aux familles sur les questions relatives \u00e0 l&rsquo;affectation de leurs enfants, je vous informe que la plate-forme t\u00e9l\u00e9phonique va de nouveau \u00eatre mise en place cette [&hellip;]<\/p>\n","protected":false},"author":13978,"featured_media":0,"comment_status":"closed","ping_status":"open","sticky":false,"template":"","format":"standard","meta":{"_et_pb_use_builder":"","_et_pb_old_content":"","_et_gb_content_width":"","_EventAllDay":false,"_EventTimezone":"","_EventStartDate":"","_EventEndDate":"","_EventStartDateUTC":"","_EventEndDateUTC":"","_EventShowMap":false,"_EventShowMapLink":false,"_EventURL":"","_EventCost":"","_EventCostDescription":"","_EventCurrencySymbol":"","_EventCurrencyCode":"","_EventCurrencyPosition":"","_EventDateTimeSeparator":"","_EventTimeRangeSeparator":"","_EventOrganizerID":[],"_EventVenueID":[],"_OrganizerEmail":"","_OrganizerPhone":"","_OrganizerWebsite":"","_VenueAddress":"","_VenueCity":"","_VenueCountry":"","_VenueProvince":"","_VenueState":"","_VenueZip":"","_VenuePhone":"","_VenueURL":"","_VenueStateProvince":"","_VenueLat":"","_VenueLng":"","_VenueShowMap":false,"_VenueShowMapLink":false,"footnotes":"","_links_to":"","_links_to_target":""},"categories":[1,23,20],"tags":[],"class_list":["post-1895","post","type-post","status-publish","format-standard","hentry","category-non-classe","category-informations-parents","category-informations-pratiques"],"_links":{"self":[{"href":"https:\/\/etab.ac-reunion.fr\/clg-chemin-morin\/wp-json\/wp\/v2\/posts\/1895","targetHints":{"allow":["GET"]}}],"collection":[{"href":"https:\/\/etab.ac-reunion.fr\/clg-chemin-morin\/wp-json\/wp\/v2\/posts"}],"about":[{"href":"https:\/\/etab.ac-reunion.fr\/clg-chemin-morin\/wp-json\/wp\/v2\/types\/post"}],"author":[{"embeddable":true,"href":"https:\/\/etab.ac-reunion.fr\/clg-chemin-morin\/wp-json\/wp\/v2\/users\/13978"}],"replies":[{"embeddable":true,"href":"https:\/\/etab.ac-reunion.fr\/clg-chemin-morin\/wp-json\/wp\/v2\/comments?post=1895"}],"version-history":[{"count":2,"href":"https:\/\/etab.ac-reunion.fr\/clg-chemin-morin\/wp-json\/wp\/v2\/posts\/1895\/revisions"}],"predecessor-version":[{"id":1900,"href":"https:\/\/etab.ac-reunion.fr\/clg-chemin-morin\/wp-json\/wp\/v2\/posts\/1895\/revisions\/1900"}],"wp:attachment":[{"href":"https:\/\/etab.ac-reunion.fr\/clg-chemin-morin\/wp-json\/wp\/v2\/media?parent=1895"}],"wp:term":[{"taxonomy":"category","embeddable":true,"href":"https:\/\/etab.ac-reunion.fr\/clg-chemin-morin\/wp-json\/wp\/v2\/categories?post=1895"},{"taxonomy":"post_tag","embeddable":true,"href":"https:\/\/etab.ac-reunion.fr\/clg-chemin-morin\/wp-json\/wp\/v2\/tags?post=1895"}],"curies":[{"name":"wp","href":"https:\/\/api.w.org\/{rel}","templated":true}]}}