{"id":1904,"date":"2021-06-28T10:11:53","date_gmt":"2021-06-28T06:11:53","guid":{"rendered":"http:\/\/college-chemin-morin.ac-reunion.fr\/?p=1904"},"modified":"2021-06-29T15:55:39","modified_gmt":"2021-06-29T11:55:39","slug":"teleservices-inscription-au-lycee-supports-daccompagnement","status":"publish","type":"post","link":"https:\/\/etab.ac-reunion.fr\/clg-chemin-morin\/teleservices-inscription-au-lycee-supports-daccompagnement\/","title":{"rendered":"T\u00e9l\u00e9services inscription au lyc\u00e9e : supports d&rsquo;accompagnement"},"content":{"rendered":"\n<p>Le<strong> <strong>service en ligne Inscription en Lyc\u00e9es<\/strong> <\/strong>sera accessible dans l&rsquo;acad\u00e9mie<strong> \u00e0 partir de ce jour 29 juin \u00e0 16h30 <\/strong>pour les dossiers issus d&rsquo;Affelnet Lyc\u00e9es<strong>.<\/strong><\/p>\n\n\n\n<p><strong>Le service d\u2019inscription en ligne s\u2019\u00e9tend cette ann\u00e9e \u00e0 tous les niveaux du lyc\u00e9e (hors formations post-bac).<\/strong><\/p>\n\n\n\n<p><strong>Comme les ann\u00e9es pr\u00e9c\u00e9dentes, l\u2019inscription en ligne en 1re ann\u00e9e de lyc\u00e9e, implique \u00e9galement les \u00e9tablissements d\u2019origine (coll\u00e8ges, majoritairement). Pour l\u2019inscription en 2e et 3e ann\u00e9es, seuls les lyc\u00e9es sont concern\u00e9s.<\/strong><\/p>\n\n\n\n<p>L\u2019ensemble des supports mis \u00e0 votre disposition pour vous aider portent sur tous les niveaux :<\/p>\n\n\n\n<ol class=\"wp-block-list\" type=\"1\"><li><strong>Des ressources \u00e0 votre attention :<\/strong><\/li><li><a href=\"https:\/\/eduscol.education.fr\/document\/7232\/download\">La pr\u00e9sentation g\u00e9n\u00e9rale du service d\u2019inscription en ligne en lyc\u00e9e<\/a><\/li><li><a href=\"https:\/\/eduscol.education.fr\/document\/7235\/download\">Une foire aux questions (FAQ) issue des demandes les plus souvent remont\u00e9es par les utilisateurs<\/a><\/li><li><strong>Des fiches \u00ab Bonnes pratiques \u00bb<\/strong> r\u00e9capitulant les op\u00e9rations \u00e0 effectuer par les \u00e9tablissements en fonction du niveau et du type de campagne :<ol><li><a href=\"https:\/\/eduscol.education.fr\/document\/7241\/download\">pour l\u2019inscription en 1re ann\u00e9e de lyc\u00e9e<\/a><\/li><\/ol><\/li><li><a href=\"https:\/\/eduscol.education.fr\/document\/7238\/download\">Le guide \u00e0 l\u2019usage des \u00e9tablissements (coll\u00e8ges et lyc\u00e9es), organis\u00e9 en fiches th\u00e9matiques<\/a><\/li><\/ol>\n\n\n\n<ul class=\"wp-block-list\"><li><strong>Des ressources \u00e0 destination des parents d\u2019\u00e9l\u00e8ves qui ont un enfant \u00e0 inscrire en premi\u00e8re ann\u00e9e de lyc\u00e9e :<\/strong><\/li><li><strong>un flyer d\u2019information recto\/verso sur l\u2019inscription au lyc\u00e9e\/la demande de bourse de lyc\u00e9e<\/strong>. Avant de le diffuser via l\u2019ENT ou tout autre moyen que vous jugerez utile, vous devrez compl\u00e9ter les zones personnalisables au recto\/verso en renseignant la p\u00e9riode d\u2019inscription au lyc\u00e9e et l\u2019adresse internet du portail Scolarit\u00e9 Services de votre acad\u00e9mie. Deux versions sont mises \u00e0 votre disposition&nbsp;en fonction de la situation dans votre \u00e9tablissement&nbsp;:<ul><li><a href=\"https:\/\/eduscol.education.fr\/media\/6932\/download\">le flyer pour les parents qui se connecteront via le compte unique EduConnect<\/a><\/li><\/ul><\/li><li><strong>La page web de r\u00e9f\u00e9rence pour l\u2019inscription au lyc\u00e9e<\/strong> sur le site du minist\u00e8re est : <strong><a href=\"http:\/\/www.education.gouv.fr\/inscription-lycee\">www.education.gouv.fr\/inscription-lycee<\/a><\/strong>. Une animation vid\u00e9o de pr\u00e9sentation du parcours parent est disponible.<\/li><\/ul>\n","protected":false},"excerpt":{"rendered":"<p>Le service en ligne Inscription en Lyc\u00e9es sera accessible dans l&rsquo;acad\u00e9mie \u00e0 partir de ce jour 29 juin \u00e0 16h30 pour les dossiers issus d&rsquo;Affelnet Lyc\u00e9es. Le service d\u2019inscription en [&hellip;]<\/p>\n","protected":false},"author":13978,"featured_media":0,"comment_status":"closed","ping_status":"open","sticky":false,"template":"","format":"standard","meta":{"_et_pb_use_builder":"off","_et_pb_old_content":"","_et_gb_content_width":"","_EventAllDay":false,"_EventTimezone":"","_EventStartDate":"","_EventEndDate":"","_EventStartDateUTC":"","_EventEndDateUTC":"","_EventShowMap":false,"_EventShowMapLink":false,"_EventURL":"","_EventCost":"","_EventCostDescription":"","_EventCurrencySymbol":"","_EventCurrencyCode":"","_EventCurrencyPosition":"","_EventDateTimeSeparator":"","_EventTimeRangeSeparator":"","_EventOrganizerID":[],"_EventVenueID":[],"_OrganizerEmail":"","_OrganizerPhone":"","_OrganizerWebsite":"","_VenueAddress":"","_VenueCity":"","_VenueCountry":"","_VenueProvince":"","_VenueState":"","_VenueZip":"","_VenuePhone":"","_VenueURL":"","_VenueStateProvince":"","_VenueLat":"","_VenueLng":"","_VenueShowMap":false,"_VenueShowMapLink":false,"footnotes":"","_links_to":"","_links_to_target":""},"categories":[1,23,20],"tags":[],"class_list":["post-1904","post","type-post","status-publish","format-standard","hentry","category-non-classe","category-informations-parents","category-informations-pratiques"],"_links":{"self":[{"href":"https:\/\/etab.ac-reunion.fr\/clg-chemin-morin\/wp-json\/wp\/v2\/posts\/1904","targetHints":{"allow":["GET"]}}],"collection":[{"href":"https:\/\/etab.ac-reunion.fr\/clg-chemin-morin\/wp-json\/wp\/v2\/posts"}],"about":[{"href":"https:\/\/etab.ac-reunion.fr\/clg-chemin-morin\/wp-json\/wp\/v2\/types\/post"}],"author":[{"embeddable":true,"href":"https:\/\/etab.ac-reunion.fr\/clg-chemin-morin\/wp-json\/wp\/v2\/users\/13978"}],"replies":[{"embeddable":true,"href":"https:\/\/etab.ac-reunion.fr\/clg-chemin-morin\/wp-json\/wp\/v2\/comments?post=1904"}],"version-history":[{"count":2,"href":"https:\/\/etab.ac-reunion.fr\/clg-chemin-morin\/wp-json\/wp\/v2\/posts\/1904\/revisions"}],"predecessor-version":[{"id":1919,"href":"https:\/\/etab.ac-reunion.fr\/clg-chemin-morin\/wp-json\/wp\/v2\/posts\/1904\/revisions\/1919"}],"wp:attachment":[{"href":"https:\/\/etab.ac-reunion.fr\/clg-chemin-morin\/wp-json\/wp\/v2\/media?parent=1904"}],"wp:term":[{"taxonomy":"category","embeddable":true,"href":"https:\/\/etab.ac-reunion.fr\/clg-chemin-morin\/wp-json\/wp\/v2\/categories?post=1904"},{"taxonomy":"post_tag","embeddable":true,"href":"https:\/\/etab.ac-reunion.fr\/clg-chemin-morin\/wp-json\/wp\/v2\/tags?post=1904"}],"curies":[{"name":"wp","href":"https:\/\/api.w.org\/{rel}","templated":true}]}}