{"id":1910,"date":"2021-06-07T16:38:23","date_gmt":"2021-06-07T12:38:23","guid":{"rendered":"http:\/\/college-chemin-morin.ac-reunion.fr\/?p=1910"},"modified":"2021-06-10T20:54:25","modified_gmt":"2021-06-10T16:54:25","slug":"information-covid-19-n13","status":"publish","type":"post","link":"https:\/\/etab.ac-reunion.fr\/clg-chemin-morin\/information-covid-19-n13\/","title":{"rendered":"Information Covid-19 n\u00b013"},"content":{"rendered":"\n<p>Nous sommes inform\u00e9s ce jour par l&rsquo;ARS que deux \u00e9l\u00e8ves ont \u00e9t\u00e9 test\u00e9es positives au COVID 19, l&rsquo;une en 506 \u00e9tait dans l&rsquo;\u00e9tablissement jusqu&rsquo;au vendredi 4 juin dernier. La classe est donc ferm\u00e9e jusqu&rsquo;au vendredi 11 juin, inclus.<br><br>L&rsquo;autre en 607, \u00e9tait quant \u00e0 elle pr\u00e9sente au coll\u00e8ge jusqu&rsquo;au 31 mai. Les \u00e9l\u00e8ves ayant un r\u00e9sultat de leur test n\u00e9gatif, <span class=\"has-inline-color has-vivid-red-color\">seront de retour au coll\u00e8ge le 15\/06\/2021<\/span>.<br><br>La Direction<\/p>\n","protected":false},"excerpt":{"rendered":"<p>Nous sommes inform\u00e9s ce jour par l&rsquo;ARS que deux \u00e9l\u00e8ves ont \u00e9t\u00e9 test\u00e9es positives au COVID 19, l&rsquo;une en 506 \u00e9tait dans l&rsquo;\u00e9tablissement jusqu&rsquo;au vendredi 4 juin dernier. La classe [&hellip;]<\/p>\n","protected":false},"author":13978,"featured_media":0,"comment_status":"closed","ping_status":"open","sticky":false,"template":"","format":"standard","meta":{"_et_pb_use_builder":"","_et_pb_old_content":"","_et_gb_content_width":"","_EventAllDay":false,"_EventTimezone":"","_EventStartDate":"","_EventEndDate":"","_EventStartDateUTC":"","_EventEndDateUTC":"","_EventShowMap":false,"_EventShowMapLink":false,"_EventURL":"","_EventCost":"","_EventCostDescription":"","_EventCurrencySymbol":"","_EventCurrencyCode":"","_EventCurrencyPosition":"","_EventDateTimeSeparator":"","_EventTimeRangeSeparator":"","_EventOrganizerID":[],"_EventVenueID":[],"_OrganizerEmail":"","_OrganizerPhone":"","_OrganizerWebsite":"","_VenueAddress":"","_VenueCity":"","_VenueCountry":"","_VenueProvince":"","_VenueState":"","_VenueZip":"","_VenuePhone":"","_VenueURL":"","_VenueStateProvince":"","_VenueLat":"","_VenueLng":"","_VenueShowMap":false,"_VenueShowMapLink":false,"footnotes":"","_links_to":"","_links_to_target":""},"categories":[1,23,20],"tags":[],"class_list":["post-1910","post","type-post","status-publish","format-standard","hentry","category-non-classe","category-informations-parents","category-informations-pratiques"],"_links":{"self":[{"href":"https:\/\/etab.ac-reunion.fr\/clg-chemin-morin\/wp-json\/wp\/v2\/posts\/1910","targetHints":{"allow":["GET"]}}],"collection":[{"href":"https:\/\/etab.ac-reunion.fr\/clg-chemin-morin\/wp-json\/wp\/v2\/posts"}],"about":[{"href":"https:\/\/etab.ac-reunion.fr\/clg-chemin-morin\/wp-json\/wp\/v2\/types\/post"}],"author":[{"embeddable":true,"href":"https:\/\/etab.ac-reunion.fr\/clg-chemin-morin\/wp-json\/wp\/v2\/users\/13978"}],"replies":[{"embeddable":true,"href":"https:\/\/etab.ac-reunion.fr\/clg-chemin-morin\/wp-json\/wp\/v2\/comments?post=1910"}],"version-history":[{"count":3,"href":"https:\/\/etab.ac-reunion.fr\/clg-chemin-morin\/wp-json\/wp\/v2\/posts\/1910\/revisions"}],"predecessor-version":[{"id":1915,"href":"https:\/\/etab.ac-reunion.fr\/clg-chemin-morin\/wp-json\/wp\/v2\/posts\/1910\/revisions\/1915"}],"wp:attachment":[{"href":"https:\/\/etab.ac-reunion.fr\/clg-chemin-morin\/wp-json\/wp\/v2\/media?parent=1910"}],"wp:term":[{"taxonomy":"category","embeddable":true,"href":"https:\/\/etab.ac-reunion.fr\/clg-chemin-morin\/wp-json\/wp\/v2\/categories?post=1910"},{"taxonomy":"post_tag","embeddable":true,"href":"https:\/\/etab.ac-reunion.fr\/clg-chemin-morin\/wp-json\/wp\/v2\/tags?post=1910"}],"curies":[{"name":"wp","href":"https:\/\/api.w.org\/{rel}","templated":true}]}}