{"id":1913,"date":"2021-06-14T16:53:00","date_gmt":"2021-06-14T12:53:00","guid":{"rendered":"http:\/\/college-chemin-morin.ac-reunion.fr\/?p=1913"},"modified":"2021-06-14T20:55:39","modified_gmt":"2021-06-14T16:55:39","slug":"information-covid-19-n14","status":"publish","type":"post","link":"https:\/\/etab.ac-reunion.fr\/clg-chemin-morin\/information-covid-19-n14\/","title":{"rendered":"Information Covid-19 n\u00b014"},"content":{"rendered":"\n<p>Nous sommes inform\u00e9s ce jour par l\u2019ARS que deux \u00e9l\u00e8ves ont \u00e9t\u00e9 test\u00e9es positives au COVID 19, l\u2019une en 507 mais la classe \u00e9tait ferm\u00e9e depuis le 7 juin dernier par cons\u00e9quent les \u00e9l\u00e8ves reviendront au coll\u00e8ge d\u00e8s ce mardi 15 juin 2021.<br><br>L\u2019autre en 501, \u00e9tait quant \u00e0 elle pr\u00e9sente au coll\u00e8ge jusqu\u2019au 11 juin dernier. Les \u00e9l\u00e8ves ayant un r\u00e9sultat de leur test n\u00e9gatif, seront de retour au coll\u00e8ge le 21 juin prochain.<br><br>La Direction<\/p>\n","protected":false},"excerpt":{"rendered":"<p>Nous sommes inform\u00e9s ce jour par l\u2019ARS que deux \u00e9l\u00e8ves ont \u00e9t\u00e9 test\u00e9es positives au COVID 19, l\u2019une en 507 mais la classe \u00e9tait ferm\u00e9e depuis le 7 juin dernier [&hellip;]<\/p>\n","protected":false},"author":13978,"featured_media":0,"comment_status":"closed","ping_status":"open","sticky":false,"template":"","format":"standard","meta":{"_et_pb_use_builder":"","_et_pb_old_content":"","_et_gb_content_width":"","_EventAllDay":false,"_EventTimezone":"","_EventStartDate":"","_EventEndDate":"","_EventStartDateUTC":"","_EventEndDateUTC":"","_EventShowMap":false,"_EventShowMapLink":false,"_EventURL":"","_EventCost":"","_EventCostDescription":"","_EventCurrencySymbol":"","_EventCurrencyCode":"","_EventCurrencyPosition":"","_EventDateTimeSeparator":"","_EventTimeRangeSeparator":"","_EventOrganizerID":[],"_EventVenueID":[],"_OrganizerEmail":"","_OrganizerPhone":"","_OrganizerWebsite":"","_VenueAddress":"","_VenueCity":"","_VenueCountry":"","_VenueProvince":"","_VenueState":"","_VenueZip":"","_VenuePhone":"","_VenueURL":"","_VenueStateProvince":"","_VenueLat":"","_VenueLng":"","_VenueShowMap":false,"_VenueShowMapLink":false,"footnotes":"","_links_to":"","_links_to_target":""},"categories":[1,23,20],"tags":[],"class_list":["post-1913","post","type-post","status-publish","format-standard","hentry","category-non-classe","category-informations-parents","category-informations-pratiques"],"_links":{"self":[{"href":"https:\/\/etab.ac-reunion.fr\/clg-chemin-morin\/wp-json\/wp\/v2\/posts\/1913","targetHints":{"allow":["GET"]}}],"collection":[{"href":"https:\/\/etab.ac-reunion.fr\/clg-chemin-morin\/wp-json\/wp\/v2\/posts"}],"about":[{"href":"https:\/\/etab.ac-reunion.fr\/clg-chemin-morin\/wp-json\/wp\/v2\/types\/post"}],"author":[{"embeddable":true,"href":"https:\/\/etab.ac-reunion.fr\/clg-chemin-morin\/wp-json\/wp\/v2\/users\/13978"}],"replies":[{"embeddable":true,"href":"https:\/\/etab.ac-reunion.fr\/clg-chemin-morin\/wp-json\/wp\/v2\/comments?post=1913"}],"version-history":[{"count":2,"href":"https:\/\/etab.ac-reunion.fr\/clg-chemin-morin\/wp-json\/wp\/v2\/posts\/1913\/revisions"}],"predecessor-version":[{"id":1918,"href":"https:\/\/etab.ac-reunion.fr\/clg-chemin-morin\/wp-json\/wp\/v2\/posts\/1913\/revisions\/1918"}],"wp:attachment":[{"href":"https:\/\/etab.ac-reunion.fr\/clg-chemin-morin\/wp-json\/wp\/v2\/media?parent=1913"}],"wp:term":[{"taxonomy":"category","embeddable":true,"href":"https:\/\/etab.ac-reunion.fr\/clg-chemin-morin\/wp-json\/wp\/v2\/categories?post=1913"},{"taxonomy":"post_tag","embeddable":true,"href":"https:\/\/etab.ac-reunion.fr\/clg-chemin-morin\/wp-json\/wp\/v2\/tags?post=1913"}],"curies":[{"name":"wp","href":"https:\/\/api.w.org\/{rel}","templated":true}]}}