{"id":1955,"date":"2021-09-17T07:54:02","date_gmt":"2021-09-17T03:54:02","guid":{"rendered":"http:\/\/college-chemin-morin.ac-reunion.fr\/?p=1955"},"modified":"2021-09-17T07:55:07","modified_gmt":"2021-09-17T03:55:07","slug":"sensibilisation-des-familles-et-des-enfants-au-dispositif-passsport","status":"publish","type":"post","link":"https:\/\/etab.ac-reunion.fr\/clg-chemin-morin\/sensibilisation-des-familles-et-des-enfants-au-dispositif-passsport\/","title":{"rendered":"Sensibilisation des familles et des enfants au dispositif Pass\u2019Sport"},"content":{"rendered":"\n<p>Le d\u00e9ploiement du dispositif Pass\u2019Sport au 1er septembre est destin\u00e9 \u00e0 favoriser la pratique sportive dans un club pour les jeunes de 6 \u00e0 18 ans b\u00e9n\u00e9ficiaires de l\u2019Allocation de rentr\u00e9e scolaire ou de l\u2019Allocation d\u2019\u00e9ducation de l\u2019enfant handicap\u00e9 (AEEH) et les jeunes \u00e9mancip\u00e9s b\u00e9n\u00e9ficiant de l\u2019Allocation aux adultes handicap\u00e9s (AAH).5,4 millions d\u2019enfants sont concern\u00e9s et doivent mobiliser ce dispositif.<br><br>    Vous trouverez <a href=\"https:\/\/www.sports.gouv.fr\/pratiques-sportives\/sports-pour-tous\/pass-sport\/article\/le-pass-sport\">sur la page sports.gouv.fr d\u00e9di\u00e9e au Pass\u2019Sport <\/a>des informations sur les d\u00e9marches \u00e0 suivre afin de justifier du droits au Pass\u2019Sport aupr\u00e8s de l&rsquo;association sportive du coll\u00e8ge.<br><br>          La direction<\/p>\n","protected":false},"excerpt":{"rendered":"<p>Le d\u00e9ploiement du dispositif Pass\u2019Sport au 1er septembre est destin\u00e9 \u00e0 favoriser la pratique sportive dans un club pour les jeunes de 6 \u00e0 18 ans b\u00e9n\u00e9ficiaires de l\u2019Allocation de [&hellip;]<\/p>\n","protected":false},"author":13978,"featured_media":0,"comment_status":"closed","ping_status":"open","sticky":false,"template":"","format":"standard","meta":{"_et_pb_use_builder":"","_et_pb_old_content":"","_et_gb_content_width":"","_EventAllDay":false,"_EventTimezone":"","_EventStartDate":"","_EventEndDate":"","_EventStartDateUTC":"","_EventEndDateUTC":"","_EventShowMap":false,"_EventShowMapLink":false,"_EventURL":"","_EventCost":"","_EventCostDescription":"","_EventCurrencySymbol":"","_EventCurrencyCode":"","_EventCurrencyPosition":"","_EventDateTimeSeparator":"","_EventTimeRangeSeparator":"","_EventOrganizerID":[],"_EventVenueID":[],"_OrganizerEmail":"","_OrganizerPhone":"","_OrganizerWebsite":"","_VenueAddress":"","_VenueCity":"","_VenueCountry":"","_VenueProvince":"","_VenueState":"","_VenueZip":"","_VenuePhone":"","_VenueURL":"","_VenueStateProvince":"","_VenueLat":"","_VenueLng":"","_VenueShowMap":false,"_VenueShowMapLink":false,"footnotes":"","_links_to":"","_links_to_target":""},"categories":[1,23,20],"tags":[],"class_list":["post-1955","post","type-post","status-publish","format-standard","hentry","category-non-classe","category-informations-parents","category-informations-pratiques"],"_links":{"self":[{"href":"https:\/\/etab.ac-reunion.fr\/clg-chemin-morin\/wp-json\/wp\/v2\/posts\/1955","targetHints":{"allow":["GET"]}}],"collection":[{"href":"https:\/\/etab.ac-reunion.fr\/clg-chemin-morin\/wp-json\/wp\/v2\/posts"}],"about":[{"href":"https:\/\/etab.ac-reunion.fr\/clg-chemin-morin\/wp-json\/wp\/v2\/types\/post"}],"author":[{"embeddable":true,"href":"https:\/\/etab.ac-reunion.fr\/clg-chemin-morin\/wp-json\/wp\/v2\/users\/13978"}],"replies":[{"embeddable":true,"href":"https:\/\/etab.ac-reunion.fr\/clg-chemin-morin\/wp-json\/wp\/v2\/comments?post=1955"}],"version-history":[{"count":2,"href":"https:\/\/etab.ac-reunion.fr\/clg-chemin-morin\/wp-json\/wp\/v2\/posts\/1955\/revisions"}],"predecessor-version":[{"id":1959,"href":"https:\/\/etab.ac-reunion.fr\/clg-chemin-morin\/wp-json\/wp\/v2\/posts\/1955\/revisions\/1959"}],"wp:attachment":[{"href":"https:\/\/etab.ac-reunion.fr\/clg-chemin-morin\/wp-json\/wp\/v2\/media?parent=1955"}],"wp:term":[{"taxonomy":"category","embeddable":true,"href":"https:\/\/etab.ac-reunion.fr\/clg-chemin-morin\/wp-json\/wp\/v2\/categories?post=1955"},{"taxonomy":"post_tag","embeddable":true,"href":"https:\/\/etab.ac-reunion.fr\/clg-chemin-morin\/wp-json\/wp\/v2\/tags?post=1955"}],"curies":[{"name":"wp","href":"https:\/\/api.w.org\/{rel}","templated":true}]}}