{"id":1958,"date":"2021-09-17T10:46:16","date_gmt":"2021-09-17T06:46:16","guid":{"rendered":"http:\/\/college-chemin-morin.ac-reunion.fr\/?p=1958"},"modified":"2021-09-17T10:46:35","modified_gmt":"2021-09-17T06:46:35","slug":"information-covid-19-n15","status":"publish","type":"post","link":"https:\/\/etab.ac-reunion.fr\/clg-chemin-morin\/information-covid-19-n15\/","title":{"rendered":"Information Covid-19 n\u00b015"},"content":{"rendered":"\n<p>Nous avons \u00e9t\u00e9 inform\u00e9s cette semaine par l\u2019ARS que deux \u00e9l\u00e8ves ont \u00e9t\u00e9 test\u00e9es positifs au COVID 19, l\u2019un en 601 l\u2019autre en 401.<br>Cependant, en raison du respect par les familles et les \u00e9l\u00e8ves concern\u00e9s des mesures d&rsquo;isolement pr\u00e9conis\u00e9es par l&rsquo;ARS, nous n&rsquo;avons pas \u00e9t\u00e9 oblig\u00e9s de fermer les classes et les autres \u00e9l\u00e8ves ont pu poursuivre leur scolarit\u00e9 dans les meilleures conditions.<br>Par cons\u00e9quent, nous prions toutes les familles de faire de m\u00eame d\u00e8s l&rsquo;apparition de sympt\u00f4mes significatifs et de respecter les consignes d&rsquo;isolement.<br>La Direction<\/p>\n","protected":false},"excerpt":{"rendered":"<p>Nous avons \u00e9t\u00e9 inform\u00e9s cette semaine par l\u2019ARS que deux \u00e9l\u00e8ves ont \u00e9t\u00e9 test\u00e9es positifs au COVID 19, l\u2019un en 601 l\u2019autre en 401.Cependant, en raison du respect par les [&hellip;]<\/p>\n","protected":false},"author":13978,"featured_media":0,"comment_status":"closed","ping_status":"open","sticky":false,"template":"","format":"standard","meta":{"_et_pb_use_builder":"","_et_pb_old_content":"","_et_gb_content_width":"","_EventAllDay":false,"_EventTimezone":"","_EventStartDate":"","_EventEndDate":"","_EventStartDateUTC":"","_EventEndDateUTC":"","_EventShowMap":false,"_EventShowMapLink":false,"_EventURL":"","_EventCost":"","_EventCostDescription":"","_EventCurrencySymbol":"","_EventCurrencyCode":"","_EventCurrencyPosition":"","_EventDateTimeSeparator":"","_EventTimeRangeSeparator":"","_EventOrganizerID":[],"_EventVenueID":[],"_OrganizerEmail":"","_OrganizerPhone":"","_OrganizerWebsite":"","_VenueAddress":"","_VenueCity":"","_VenueCountry":"","_VenueProvince":"","_VenueState":"","_VenueZip":"","_VenuePhone":"","_VenueURL":"","_VenueStateProvince":"","_VenueLat":"","_VenueLng":"","_VenueShowMap":false,"_VenueShowMapLink":false,"footnotes":"","_links_to":"","_links_to_target":""},"categories":[1,23,20],"tags":[],"class_list":["post-1958","post","type-post","status-publish","format-standard","hentry","category-non-classe","category-informations-parents","category-informations-pratiques"],"_links":{"self":[{"href":"https:\/\/etab.ac-reunion.fr\/clg-chemin-morin\/wp-json\/wp\/v2\/posts\/1958","targetHints":{"allow":["GET"]}}],"collection":[{"href":"https:\/\/etab.ac-reunion.fr\/clg-chemin-morin\/wp-json\/wp\/v2\/posts"}],"about":[{"href":"https:\/\/etab.ac-reunion.fr\/clg-chemin-morin\/wp-json\/wp\/v2\/types\/post"}],"author":[{"embeddable":true,"href":"https:\/\/etab.ac-reunion.fr\/clg-chemin-morin\/wp-json\/wp\/v2\/users\/13978"}],"replies":[{"embeddable":true,"href":"https:\/\/etab.ac-reunion.fr\/clg-chemin-morin\/wp-json\/wp\/v2\/comments?post=1958"}],"version-history":[{"count":2,"href":"https:\/\/etab.ac-reunion.fr\/clg-chemin-morin\/wp-json\/wp\/v2\/posts\/1958\/revisions"}],"predecessor-version":[{"id":1964,"href":"https:\/\/etab.ac-reunion.fr\/clg-chemin-morin\/wp-json\/wp\/v2\/posts\/1958\/revisions\/1964"}],"wp:attachment":[{"href":"https:\/\/etab.ac-reunion.fr\/clg-chemin-morin\/wp-json\/wp\/v2\/media?parent=1958"}],"wp:term":[{"taxonomy":"category","embeddable":true,"href":"https:\/\/etab.ac-reunion.fr\/clg-chemin-morin\/wp-json\/wp\/v2\/categories?post=1958"},{"taxonomy":"post_tag","embeddable":true,"href":"https:\/\/etab.ac-reunion.fr\/clg-chemin-morin\/wp-json\/wp\/v2\/tags?post=1958"}],"curies":[{"name":"wp","href":"https:\/\/api.w.org\/{rel}","templated":true}]}}