{"id":1963,"date":"2021-09-20T19:11:12","date_gmt":"2021-09-20T15:11:12","guid":{"rendered":"http:\/\/college-chemin-morin.ac-reunion.fr\/?p=1963"},"modified":"2021-09-20T19:27:01","modified_gmt":"2021-09-20T15:27:01","slug":"incidents-aux-abords-du-college","status":"publish","type":"post","link":"https:\/\/etab.ac-reunion.fr\/clg-chemin-morin\/incidents-aux-abords-du-college\/","title":{"rendered":"Incidents aux abords du coll\u00e8ge"},"content":{"rendered":"\n<p>Depuis la rentr\u00e9e d&rsquo;ao\u00fbt, nous d\u00e9plorons des incidents de plus en plus graves aux abords de l&rsquo;\u00e9tablissement.<br><br>Aussi, nous informons les parents que nous sommes en contact permanent avec les forces de police et les services comp\u00e9tents de la municipalit\u00e9 de Saint-Andr\u00e9 afin de g\u00e9rer au mieux la situation.<br><br>Ce jour, des incidents ont \u00e9t\u00e9 d\u00e9plor\u00e9s, cependant des t\u00e9moignages ont \u00e9t\u00e9 transmis au r\u00e9f\u00e9rent s\u00e9curit\u00e9 des \u00e9tablissements scolaires du secteur de la Police nationale.<br><br>Les forces de Police et les personnels du dispositif \u00ab\u00a0S\u00e9cur&rsquo;\u00e9cole\u00a0\u00bb de la commune seront davantage pr\u00e9sents d\u00e8s le mardi 21 septembre 2021 aux abords du coll\u00e8ge afin de mener des actions de pr\u00e9vention et d&rsquo;interpellation.<br><br>La Direction<\/p>\n","protected":false},"excerpt":{"rendered":"<p>Depuis la rentr\u00e9e d&rsquo;ao\u00fbt, nous d\u00e9plorons des incidents de plus en plus graves aux abords de l&rsquo;\u00e9tablissement. Aussi, nous informons les parents que nous sommes en contact permanent avec les [&hellip;]<\/p>\n","protected":false},"author":13978,"featured_media":0,"comment_status":"closed","ping_status":"open","sticky":false,"template":"","format":"standard","meta":{"_et_pb_use_builder":"","_et_pb_old_content":"","_et_gb_content_width":"","_EventAllDay":false,"_EventTimezone":"","_EventStartDate":"","_EventEndDate":"","_EventStartDateUTC":"","_EventEndDateUTC":"","_EventShowMap":false,"_EventShowMapLink":false,"_EventURL":"","_EventCost":"","_EventCostDescription":"","_EventCurrencySymbol":"","_EventCurrencyCode":"","_EventCurrencyPosition":"","_EventDateTimeSeparator":"","_EventTimeRangeSeparator":"","_EventOrganizerID":[],"_EventVenueID":[],"_OrganizerEmail":"","_OrganizerPhone":"","_OrganizerWebsite":"","_VenueAddress":"","_VenueCity":"","_VenueCountry":"","_VenueProvince":"","_VenueState":"","_VenueZip":"","_VenuePhone":"","_VenueURL":"","_VenueStateProvince":"","_VenueLat":"","_VenueLng":"","_VenueShowMap":false,"_VenueShowMapLink":false,"footnotes":"","_links_to":"","_links_to_target":""},"categories":[1,23,20],"tags":[],"class_list":["post-1963","post","type-post","status-publish","format-standard","hentry","category-non-classe","category-informations-parents","category-informations-pratiques"],"_links":{"self":[{"href":"https:\/\/etab.ac-reunion.fr\/clg-chemin-morin\/wp-json\/wp\/v2\/posts\/1963","targetHints":{"allow":["GET"]}}],"collection":[{"href":"https:\/\/etab.ac-reunion.fr\/clg-chemin-morin\/wp-json\/wp\/v2\/posts"}],"about":[{"href":"https:\/\/etab.ac-reunion.fr\/clg-chemin-morin\/wp-json\/wp\/v2\/types\/post"}],"author":[{"embeddable":true,"href":"https:\/\/etab.ac-reunion.fr\/clg-chemin-morin\/wp-json\/wp\/v2\/users\/13978"}],"replies":[{"embeddable":true,"href":"https:\/\/etab.ac-reunion.fr\/clg-chemin-morin\/wp-json\/wp\/v2\/comments?post=1963"}],"version-history":[{"count":2,"href":"https:\/\/etab.ac-reunion.fr\/clg-chemin-morin\/wp-json\/wp\/v2\/posts\/1963\/revisions"}],"predecessor-version":[{"id":1967,"href":"https:\/\/etab.ac-reunion.fr\/clg-chemin-morin\/wp-json\/wp\/v2\/posts\/1963\/revisions\/1967"}],"wp:attachment":[{"href":"https:\/\/etab.ac-reunion.fr\/clg-chemin-morin\/wp-json\/wp\/v2\/media?parent=1963"}],"wp:term":[{"taxonomy":"category","embeddable":true,"href":"https:\/\/etab.ac-reunion.fr\/clg-chemin-morin\/wp-json\/wp\/v2\/categories?post=1963"},{"taxonomy":"post_tag","embeddable":true,"href":"https:\/\/etab.ac-reunion.fr\/clg-chemin-morin\/wp-json\/wp\/v2\/tags?post=1963"}],"curies":[{"name":"wp","href":"https:\/\/api.w.org\/{rel}","templated":true}]}}