{"id":1973,"date":"2021-09-27T15:43:56","date_gmt":"2021-09-27T11:43:56","guid":{"rendered":"http:\/\/college-chemin-morin.ac-reunion.fr\/?p=1973"},"modified":"2021-09-28T07:38:47","modified_gmt":"2021-09-28T03:38:47","slug":"operation-bann-frui-ek-legim-pei-anler-dan-nout-kolez","status":"publish","type":"post","link":"https:\/\/etab.ac-reunion.fr\/clg-chemin-morin\/operation-bann-frui-ek-legim-pei-anler-dan-nout-kolez\/","title":{"rendered":"Op\u00e9ration \u00ab Bann frui \u00e8k l\u00e9gim p\u00e9i anl\u00e8r dan nout kol\u00e8z \u00bb"},"content":{"rendered":"\n<p>Dans le cadre de l\u2019op\u00e9ration \u00ab\u00a0Bann frui \u00e8k l\u00e9gim p\u00e9i anl\u00e8r dan nout kol\u00e8z\u00a0\u00bb, en concertation avec le Conseil D\u00e9partemental, la Chambre d&rsquo;agriculture de La R\u00e9union organisera la distribution de paniers de fruits et l\u00e9gumes le mercredi 29 septembre prochain \u00e0 tous les \u00e9l\u00e8ves de l&rsquo;\u00e9tablissement.<br>La Direction<\/p>\n\n\n\n<div class=\"wp-block-file\"><a href=\"https:\/\/etab.ac-reunion.fr\/clg-chemin-morin\/wp-content\/uploads\/sites\/38\/2021\/09\/BANN-FRUI-flyer-A5.pdf\">BANN-FRUI-flyer-A5<\/a><a href=\"https:\/\/etab.ac-reunion.fr\/clg-chemin-morin\/wp-content\/uploads\/sites\/38\/2021\/09\/BANN-FRUI-flyer-A5.pdf\" class=\"wp-block-file__button\" download>T\u00e9l\u00e9charger<\/a><\/div>\n","protected":false},"excerpt":{"rendered":"<p>Dans le cadre de l\u2019op\u00e9ration \u00ab\u00a0Bann frui \u00e8k l\u00e9gim p\u00e9i anl\u00e8r dan nout kol\u00e8z\u00a0\u00bb, en concertation avec le Conseil D\u00e9partemental, la Chambre d&rsquo;agriculture de La R\u00e9union organisera la distribution de [&hellip;]<\/p>\n","protected":false},"author":13978,"featured_media":0,"comment_status":"closed","ping_status":"open","sticky":false,"template":"","format":"standard","meta":{"_et_pb_use_builder":"off","_et_pb_old_content":"","_et_gb_content_width":"","_EventAllDay":false,"_EventTimezone":"","_EventStartDate":"","_EventEndDate":"","_EventStartDateUTC":"","_EventEndDateUTC":"","_EventShowMap":false,"_EventShowMapLink":false,"_EventURL":"","_EventCost":"","_EventCostDescription":"","_EventCurrencySymbol":"","_EventCurrencyCode":"","_EventCurrencyPosition":"","_EventDateTimeSeparator":"","_EventTimeRangeSeparator":"","_EventOrganizerID":[],"_EventVenueID":[],"_OrganizerEmail":"","_OrganizerPhone":"","_OrganizerWebsite":"","_VenueAddress":"","_VenueCity":"","_VenueCountry":"","_VenueProvince":"","_VenueState":"","_VenueZip":"","_VenuePhone":"","_VenueURL":"","_VenueStateProvince":"","_VenueLat":"","_VenueLng":"","_VenueShowMap":false,"_VenueShowMapLink":false,"footnotes":"","_links_to":"","_links_to_target":""},"categories":[1,23,20],"tags":[],"class_list":["post-1973","post","type-post","status-publish","format-standard","hentry","category-non-classe","category-informations-parents","category-informations-pratiques"],"_links":{"self":[{"href":"https:\/\/etab.ac-reunion.fr\/clg-chemin-morin\/wp-json\/wp\/v2\/posts\/1973","targetHints":{"allow":["GET"]}}],"collection":[{"href":"https:\/\/etab.ac-reunion.fr\/clg-chemin-morin\/wp-json\/wp\/v2\/posts"}],"about":[{"href":"https:\/\/etab.ac-reunion.fr\/clg-chemin-morin\/wp-json\/wp\/v2\/types\/post"}],"author":[{"embeddable":true,"href":"https:\/\/etab.ac-reunion.fr\/clg-chemin-morin\/wp-json\/wp\/v2\/users\/13978"}],"replies":[{"embeddable":true,"href":"https:\/\/etab.ac-reunion.fr\/clg-chemin-morin\/wp-json\/wp\/v2\/comments?post=1973"}],"version-history":[{"count":2,"href":"https:\/\/etab.ac-reunion.fr\/clg-chemin-morin\/wp-json\/wp\/v2\/posts\/1973\/revisions"}],"predecessor-version":[{"id":1977,"href":"https:\/\/etab.ac-reunion.fr\/clg-chemin-morin\/wp-json\/wp\/v2\/posts\/1973\/revisions\/1977"}],"wp:attachment":[{"href":"https:\/\/etab.ac-reunion.fr\/clg-chemin-morin\/wp-json\/wp\/v2\/media?parent=1973"}],"wp:term":[{"taxonomy":"category","embeddable":true,"href":"https:\/\/etab.ac-reunion.fr\/clg-chemin-morin\/wp-json\/wp\/v2\/categories?post=1973"},{"taxonomy":"post_tag","embeddable":true,"href":"https:\/\/etab.ac-reunion.fr\/clg-chemin-morin\/wp-json\/wp\/v2\/tags?post=1973"}],"curies":[{"name":"wp","href":"https:\/\/api.w.org\/{rel}","templated":true}]}}