{"id":2022,"date":"2021-12-09T19:24:49","date_gmt":"2021-12-09T15:24:49","guid":{"rendered":"http:\/\/college-chemin-morin.ac-reunion.fr\/?p=2022"},"modified":"2021-12-09T19:24:50","modified_gmt":"2021-12-09T15:24:50","slug":"pass-culture-compte-educonnect-eleves","status":"publish","type":"post","link":"https:\/\/etab.ac-reunion.fr\/clg-chemin-morin\/pass-culture-compte-educonnect-eleves\/","title":{"rendered":"Pass Culture \u2013 compte EduConnect \u00e9l\u00e8ves"},"content":{"rendered":"\n<p>\u00c0 partir de d\u00e9but janvier 2022,\u00a0le\u00a0pass\u00a0Culture se d\u00e9ploie sur tout le territoire\u00a0dans deux nouvelles d\u00e9clinaisons :\u00a0\u00a0 \u00b7\u00a0\u00a0\u00a0\u00a0\u00a0\u00a0\u00a0\u00a0\u00a0une part individuelle pour les\u00a0\u00e9l\u00e8ves\u00a0de 15 \u00e0 17 ans\u00a0qui b\u00e9n\u00e9ficieront\u00a0d\u2019un cr\u00e9dit pouvant aller jusqu\u2019\u00e0 30 euros par an pour leurs achats et activit\u00e9s culturels\u00a0;\u00a0 \u00b7\u00a0\u00a0\u00a0\u00a0\u00a0\u00a0\u00a0\u00a0\u00a0une part collective pour les coll\u00e9giens et lyc\u00e9ens, \u00e0 partir de la classe de 4e, scolaris\u00e9s dans un EPLE ou un \u00e9tablissement priv\u00e9 sous contrat,\u00a0pour financer des activit\u00e9s d\u2019\u00e9ducation artistique et culturelle effectu\u00e9es en groupe et encadr\u00e9es par des professeurs.\u00a0<br>Pour la part individuelle\u00a0(\u00e9l\u00e8ves de 15 \u00e0 17 ans)\u00a0:\u00a0 Les \u00e9l\u00e8ves auront besoin de leur\u00a0compte\u00a0Educonnect\u00a0\u00e9l\u00e8ve pour pouvoir\u00a0justifier simplement de\u00a0leur\u00a0identit\u00e9 et de leur \u00e2ge sur l\u2019application\u00a0pass\u00a0Culture et\u00a0recevoir leur cr\u00e9dit\u00a0(20 euros pour les \u00e9l\u00e8ves de 15 ans et 30 euros pour les \u00e9l\u00e8ves de 16 et 17 ans).\u00a0\u00a0 <strong>Si vous ne l\u2019avez pas\u00a0d\u00e9j\u00e0\u00a0fait, nous vous encourageons d\u00e8s \u00e0 pr\u00e9sent \u00e0 activer\u00a0leur compte et\u00a0\u00e0\u00a0renseigner leur mail afin de faciliter la r\u00e9cup\u00e9ration des\u00a0identifiant et mot de passe\u00a0en cas d\u2019oubli\u00a0:\u00a0<\/strong><a rel=\"noreferrer noopener\" href=\"https:\/\/moncompte.educonnect.education.gouv.fr\/\" target=\"_blank\"><strong><u>https:\/\/moncompte.educonnect.education.gouv.fr<\/u><\/strong><\/a> <br>\u00b7\u00a0\u00a0\u00a0\u00a0\u00a0\u00a0\u00a0\u00a0 Un <a rel=\"noreferrer noopener\" href=\"https:\/\/eduscol.education.fr\/document\/13093\/download\" target=\"_blank\"><u>flyer<\/u><\/a><br><br>Par ailleurs, j\u2019ai le plaisir de vous informer que notre \u00e9tablissement b\u00e9n\u00e9ficiera chaque ann\u00e9e, pour les \u00e9l\u00e8ves de 4<sup>\u00e8me<\/sup> et 3<sup>\u00e8me<\/sup>, de cr\u00e9dits suppl\u00e9mentaires pour organiser des activit\u00e9s d\u2019\u00e9ducation artistique et culturelle en groupe\u00a0 et encadr\u00e9es par des professeurs (visite de mus\u00e9e, sortie au th\u00e9\u00e2tre, atelier de lecture ou \u00e9criture, intervention d\u2019artistes \u2026) Ces deux volets du pass Culture permettront \u00e0 nos \u00e9l\u00e8ves, avec l\u2019aide des professeurs, de s\u2019ouvrir progressivement \u00e0 l\u2019art et \u00e0 la culture.<\/p>\n\n\n\n<p>Nous souhaitons&nbsp;\u00e0 nos&nbsp;\u00e9l\u00e8ves&nbsp;une belle d\u00e9couverte et pratique culturelle gr\u00e2ce \u00e0 ce dispositif, en attendant qu\u2019il b\u00e9n\u00e9ficie d\u2019un cr\u00e9dit de 300 euros sur leur pass Culture, d\u00e8s leur 18<sup>\u00e8me<\/sup> anniversaire.<br>Vous trouverez plus d\u2019informations sur eduscol&nbsp;: <a href=\"https:\/\/eduscol.education.fr\/3013\/le-pass-culture\" rel=\"noreferrer noopener\" target=\"_blank\"><strong><u>https:\/\/eduscol.education.fr\/3013\/le-pass-culture<\/u><\/strong><\/a><br>La Direction<\/p>\n","protected":false},"excerpt":{"rendered":"<p>\u00c0 partir de d\u00e9but janvier 2022,\u00a0le\u00a0pass\u00a0Culture se d\u00e9ploie sur tout le territoire\u00a0dans deux nouvelles d\u00e9clinaisons :\u00a0\u00a0 \u00b7\u00a0\u00a0\u00a0\u00a0\u00a0\u00a0\u00a0\u00a0\u00a0une part individuelle pour les\u00a0\u00e9l\u00e8ves\u00a0de 15 \u00e0 17 ans\u00a0qui b\u00e9n\u00e9ficieront\u00a0d\u2019un cr\u00e9dit pouvant aller jusqu\u2019\u00e0 [&hellip;]<\/p>\n","protected":false},"author":13978,"featured_media":0,"comment_status":"closed","ping_status":"open","sticky":false,"template":"","format":"standard","meta":{"_et_pb_use_builder":"off","_et_pb_old_content":"","_et_gb_content_width":"","_EventAllDay":false,"_EventTimezone":"","_EventStartDate":"","_EventEndDate":"","_EventStartDateUTC":"","_EventEndDateUTC":"","_EventShowMap":false,"_EventShowMapLink":false,"_EventURL":"","_EventCost":"","_EventCostDescription":"","_EventCurrencySymbol":"","_EventCurrencyCode":"","_EventCurrencyPosition":"","_EventDateTimeSeparator":"","_EventTimeRangeSeparator":"","_EventOrganizerID":[],"_EventVenueID":[],"_OrganizerEmail":"","_OrganizerPhone":"","_OrganizerWebsite":"","_VenueAddress":"","_VenueCity":"","_VenueCountry":"","_VenueProvince":"","_VenueState":"","_VenueZip":"","_VenuePhone":"","_VenueURL":"","_VenueStateProvince":"","_VenueLat":"","_VenueLng":"","_VenueShowMap":false,"_VenueShowMapLink":false,"footnotes":"","_links_to":"","_links_to_target":""},"categories":[1],"tags":[],"class_list":["post-2022","post","type-post","status-publish","format-standard","hentry","category-non-classe"],"_links":{"self":[{"href":"https:\/\/etab.ac-reunion.fr\/clg-chemin-morin\/wp-json\/wp\/v2\/posts\/2022","targetHints":{"allow":["GET"]}}],"collection":[{"href":"https:\/\/etab.ac-reunion.fr\/clg-chemin-morin\/wp-json\/wp\/v2\/posts"}],"about":[{"href":"https:\/\/etab.ac-reunion.fr\/clg-chemin-morin\/wp-json\/wp\/v2\/types\/post"}],"author":[{"embeddable":true,"href":"https:\/\/etab.ac-reunion.fr\/clg-chemin-morin\/wp-json\/wp\/v2\/users\/13978"}],"replies":[{"embeddable":true,"href":"https:\/\/etab.ac-reunion.fr\/clg-chemin-morin\/wp-json\/wp\/v2\/comments?post=2022"}],"version-history":[{"count":1,"href":"https:\/\/etab.ac-reunion.fr\/clg-chemin-morin\/wp-json\/wp\/v2\/posts\/2022\/revisions"}],"predecessor-version":[{"id":2023,"href":"https:\/\/etab.ac-reunion.fr\/clg-chemin-morin\/wp-json\/wp\/v2\/posts\/2022\/revisions\/2023"}],"wp:attachment":[{"href":"https:\/\/etab.ac-reunion.fr\/clg-chemin-morin\/wp-json\/wp\/v2\/media?parent=2022"}],"wp:term":[{"taxonomy":"category","embeddable":true,"href":"https:\/\/etab.ac-reunion.fr\/clg-chemin-morin\/wp-json\/wp\/v2\/categories?post=2022"},{"taxonomy":"post_tag","embeddable":true,"href":"https:\/\/etab.ac-reunion.fr\/clg-chemin-morin\/wp-json\/wp\/v2\/tags?post=2022"}],"curies":[{"name":"wp","href":"https:\/\/api.w.org\/{rel}","templated":true}]}}