{"id":2024,"date":"2021-12-09T19:26:14","date_gmt":"2021-12-09T15:26:14","guid":{"rendered":"http:\/\/college-chemin-morin.ac-reunion.fr\/?p=2024"},"modified":"2021-12-10T07:49:23","modified_gmt":"2021-12-10T03:49:23","slug":"deploiement-dautotests-antigeniques-nasaux-aux-eleves-de-6e","status":"publish","type":"post","link":"https:\/\/etab.ac-reunion.fr\/clg-chemin-morin\/deploiement-dautotests-antigeniques-nasaux-aux-eleves-de-6e\/","title":{"rendered":"D\u00e9ploiement d\u2019autotests antig\u00e9niques nasaux aux \u00e9l\u00e8ves de 6e"},"content":{"rendered":"\n<p class=\"has-normal-font-size\">Dans le contexte actuel de forte circulation du virus Sars-Cov-2, le minist\u00e8re de l&rsquo;\u00e9ducation nationale, de la jeunesse et des sports a d\u00e9cid\u00e9 de compl\u00e9ter sa strat\u00e9gie sanitaire par la distribution <strong>d\u2019autotests antig\u00e9niques nasaux aux \u00e9l\u00e8ves scolaris\u00e9s en 6<sup>\u00e8me<\/sup> ainsi qu\u2019aux \u00e9l\u00e8ves des autres niveaux qui en font la demande en fonction des stocks disponibles.<\/strong> Cette mesure vise \u00e0 renforcer la vigilance pour les \u00e9l\u00e8ves qui ne sont pas encore \u00e9ligibles \u00e0 la vaccination. Les \u00e9l\u00e8ves sont invit\u00e9s \u00e0 se tester une ou deux fois par semaine \u00e0 leur domicile, sous la responsabilit\u00e9 de leurs responsables l\u00e9gaux.<br><br>Le service logistique du rectorat proc\u00e9dera \u00e0 la<strong> livraison de ces autotests dans les coll\u00e8ges \u00e0 partir du vendredi 10 d\u00e9cembre 2021.<\/strong> Vous trouverez ci-joint les modalit\u00e9s d&rsquo;utilisation via le lien \u00ab\u00a0<strong><a rel=\"noreferrer noopener\" href=\"https:\/\/solidarites-sante.gouv.fr\/IMG\/pdf\/guide_auto-test_enfants.pdf\" target=\"_blank\">Guide d\u2019utilisation de l\u2019autotest nasal pour l\u2019enfant\u00a0<\/a><\/strong>\u00bb.<br>Enfin, je souhaite attirer votre attention sur la temp\u00e9rature de stockage de ces mat\u00e9riels qui ne saurait \u00eatre inf\u00e9rieure \u00e0 30\u00b0C.<br>La Direction<\/p>\n","protected":false},"excerpt":{"rendered":"<p>Dans le contexte actuel de forte circulation du virus Sars-Cov-2, le minist\u00e8re de l&rsquo;\u00e9ducation nationale, de la jeunesse et des sports a d\u00e9cid\u00e9 de compl\u00e9ter sa strat\u00e9gie sanitaire par la [&hellip;]<\/p>\n","protected":false},"author":13978,"featured_media":0,"comment_status":"closed","ping_status":"open","sticky":false,"template":"","format":"standard","meta":{"_et_pb_use_builder":"off","_et_pb_old_content":"","_et_gb_content_width":"","_EventAllDay":false,"_EventTimezone":"","_EventStartDate":"","_EventEndDate":"","_EventStartDateUTC":"","_EventEndDateUTC":"","_EventShowMap":false,"_EventShowMapLink":false,"_EventURL":"","_EventCost":"","_EventCostDescription":"","_EventCurrencySymbol":"","_EventCurrencyCode":"","_EventCurrencyPosition":"","_EventDateTimeSeparator":"","_EventTimeRangeSeparator":"","_EventOrganizerID":[],"_EventVenueID":[],"_OrganizerEmail":"","_OrganizerPhone":"","_OrganizerWebsite":"","_VenueAddress":"","_VenueCity":"","_VenueCountry":"","_VenueProvince":"","_VenueState":"","_VenueZip":"","_VenuePhone":"","_VenueURL":"","_VenueStateProvince":"","_VenueLat":"","_VenueLng":"","_VenueShowMap":false,"_VenueShowMapLink":false,"footnotes":"","_links_to":"","_links_to_target":""},"categories":[1],"tags":[],"class_list":["post-2024","post","type-post","status-publish","format-standard","hentry","category-non-classe"],"_links":{"self":[{"href":"https:\/\/etab.ac-reunion.fr\/clg-chemin-morin\/wp-json\/wp\/v2\/posts\/2024","targetHints":{"allow":["GET"]}}],"collection":[{"href":"https:\/\/etab.ac-reunion.fr\/clg-chemin-morin\/wp-json\/wp\/v2\/posts"}],"about":[{"href":"https:\/\/etab.ac-reunion.fr\/clg-chemin-morin\/wp-json\/wp\/v2\/types\/post"}],"author":[{"embeddable":true,"href":"https:\/\/etab.ac-reunion.fr\/clg-chemin-morin\/wp-json\/wp\/v2\/users\/13978"}],"replies":[{"embeddable":true,"href":"https:\/\/etab.ac-reunion.fr\/clg-chemin-morin\/wp-json\/wp\/v2\/comments?post=2024"}],"version-history":[{"count":2,"href":"https:\/\/etab.ac-reunion.fr\/clg-chemin-morin\/wp-json\/wp\/v2\/posts\/2024\/revisions"}],"predecessor-version":[{"id":2027,"href":"https:\/\/etab.ac-reunion.fr\/clg-chemin-morin\/wp-json\/wp\/v2\/posts\/2024\/revisions\/2027"}],"wp:attachment":[{"href":"https:\/\/etab.ac-reunion.fr\/clg-chemin-morin\/wp-json\/wp\/v2\/media?parent=2024"}],"wp:term":[{"taxonomy":"category","embeddable":true,"href":"https:\/\/etab.ac-reunion.fr\/clg-chemin-morin\/wp-json\/wp\/v2\/categories?post=2024"},{"taxonomy":"post_tag","embeddable":true,"href":"https:\/\/etab.ac-reunion.fr\/clg-chemin-morin\/wp-json\/wp\/v2\/tags?post=2024"}],"curies":[{"name":"wp","href":"https:\/\/api.w.org\/{rel}","templated":true}]}}