{"id":2047,"date":"2022-01-26T07:49:02","date_gmt":"2022-01-26T03:49:02","guid":{"rendered":"http:\/\/college-chemin-morin.ac-reunion.fr\/?p=2047"},"modified":"2022-01-26T07:49:15","modified_gmt":"2022-01-26T03:49:15","slug":"publication-de-la-liste-2022-des-metiers-emergents","status":"publish","type":"post","link":"https:\/\/etab.ac-reunion.fr\/clg-chemin-morin\/publication-de-la-liste-2022-des-metiers-emergents\/","title":{"rendered":"Publication de la liste 2022 des m\u00e9tiers \u00e9mergents"},"content":{"rendered":"\n<p><em>La Commission de la certification professionnelle a \u00e9tabli, le 16 d\u00e9cembre 2021, la liste des m\u00e9tiers en particuli\u00e8re \u00e9volution ou en \u00e9mergence pour 2022.&nbsp; Cinq m\u00e9tiers ont \u00e9t\u00e9 ainsi retenus suite \u00e0 l\u2019analyse des propositions re\u00e7ues de la part de branches et syndicats professionnels. Ces m\u00e9tiers viennent enrichir la liste 2021 qui sera reconduite pour 2022.<\/em><\/p>\n\n\n\n<p><em>L<\/em><em>es certifications correspondantes \u00e0 ces m\u00e9tiers b\u00e9n\u00e9ficieront d\u2019une proc\u00e9dure d\u2019enregistrement simplifi\u00e9e afin de s\u2019adapter au mieux aux \u00e9volutions du monde du travail.<\/em><\/p>\n\n\n\n<p>Le 6 juin dernier France comp\u00e9tences lan\u00e7ait le 3\u00e8me&nbsp;appel \u00e0 contributions \u00e0 destination des branches et syndicats professionnels pour identifier les m\u00e9tiers en particuli\u00e8re \u00e9volution ou en \u00e9mergence pour 2022. &nbsp;Suite \u00e0 l\u2019analyse par&nbsp;<a href=\"https:\/\/www.legifrance.gouv.fr\/download\/pdf?id=w2VIa9haCh9zFPpmrJyJlgkF1QFXwv-4Rn-adjPrixw=\" rel=\"noreferrer noopener\" target=\"_blank\">son comit\u00e9 scientifique&nbsp;<\/a>des propositions re\u00e7ues, la Commission de la certification professionnelle du 16 d\u00e9cembre 2021 a d\u00e9cid\u00e9 de retenir les m\u00e9tiers suivants :<\/p>\n\n\n\n<ul class=\"wp-block-list\"><li>Animateur formateur en technologies agricoles ;<\/li><li>Paysan-herboriste&nbsp;;<\/li><li>Agent valoriste des biens de consommation courante&nbsp;;<\/li><li>Animateur esport(s)&nbsp;;<\/li><li>Electrobobinier.<\/li><\/ul>\n\n\n\n<p>Il s\u2019agit des m\u00e9tiers dont les activit\u00e9s et les comp\u00e9tences rencontrent des \u00e9volutions particuli\u00e8rement importantes et r\u00e9centes n\u00e9cessitant une r\u00e9ponse r\u00e9active de l\u2019offre de certification.<\/p>\n\n\n\n<p>Ces 5 m\u00e9tiers s\u2019ajoutent aux 23 m\u00e9tiers de la liste 2021, reconduits en 2022 par d\u00e9cision de la Commission de la certification professionnelle :<\/p>\n\n\n\n<ul class=\"wp-block-list\"><li>Gestionnaire de la s\u00e9curit\u00e9 des donn\u00e9es, des r\u00e9seaux et des syst\u00e8mes&nbsp;;<\/li><li>D\u00e9veloppeur s\u00e9curit\u00e9&nbsp;;<\/li><li>Acheteur-vendeur mar\u00e9e&nbsp;;<\/li><li>Eco-agriculteur&nbsp;;<\/li><li>Concepteur int\u00e9grateur de r\u00e9alit\u00e9 virtuelle&nbsp;;<\/li><li>Op\u00e9rateur en r\u00e9g\u00e9n\u00e9ration des mati\u00e8res plastiques&nbsp;;<\/li><li>V\u00e9g\u00e9taliseur urbain&nbsp;;<\/li><li>Plombier chauffagiste&nbsp;;<\/li><li>Couvreur&nbsp;;<\/li><li>Serrurier m\u00e9tallier&nbsp;;<\/li><li>Diagnostiqueur de produits, mat\u00e9riaux et d\u00e9chets issus des b\u00e2timents&nbsp;;<\/li><li>Pr\u00e9parateur en d\u00e9construction&nbsp;;<\/li><li>Technicien d\u2019installation et de maintenance de syst\u00e8mes \u00e9nerg\u00e9tiques&nbsp;;<\/li><li>Technicien \/ chef de projet en r\u00e9novation \u00e9nerg\u00e9tique&nbsp;;<\/li><li>Charg\u00e9 de recyclage en production plasturgie&nbsp;;<\/li><li>Charg\u00e9 de process num\u00e9rique de production en plasturgie&nbsp;;<\/li><li>Technicien applicateur sp\u00e9cialis\u00e9 dans la ma\u00eetrise de nuisibles&nbsp;;<\/li><li>Architecte Internet des objets&nbsp;;<\/li><li>Data engineer&nbsp;;<\/li><li>Architecte des syst\u00e8mes d\u2019information dans les processus industriels&nbsp;;<\/li><li>Ing\u00e9nieur \/ expert en num\u00e9risation des syst\u00e8mes et processus de production industriels&nbsp;;<\/li><li>Technicien en conception d\u2019\u00e9tudes et d\u00e9veloppement \u00e9lectronique&nbsp;;<\/li><li>Technicien en \u00e9lectronique.<\/li><\/ul>\n\n\n\n<p>L\u2019ensemble de ces m\u00e9tiers r\u00e9pond \u00e0 une ou plusieurs de th\u00e9matiques identifi\u00e9es dans l\u2019appel \u00e0 contributions, en lien avec le contexte actuel et les grandes orientations nationales&nbsp;: transition \u00e9cologique, \u00e9nerg\u00e9tique et environnementale&nbsp;; transformation num\u00e9rique&nbsp;; modernisation des r\u00e9seaux et des infrastructures&nbsp;; services \u00e0 la personne&nbsp;; et relocalisation d\u2019activit\u00e9s productives en France.<\/p>\n","protected":false},"excerpt":{"rendered":"<p>La Commission de la certification professionnelle a \u00e9tabli, le 16 d\u00e9cembre 2021, la liste des m\u00e9tiers en particuli\u00e8re \u00e9volution ou en \u00e9mergence pour 2022.&nbsp; Cinq m\u00e9tiers ont \u00e9t\u00e9 ainsi retenus [&hellip;]<\/p>\n","protected":false},"author":13978,"featured_media":0,"comment_status":"closed","ping_status":"open","sticky":false,"template":"","format":"standard","meta":{"_et_pb_use_builder":"off","_et_pb_old_content":"","_et_gb_content_width":"","_EventAllDay":false,"_EventTimezone":"","_EventStartDate":"","_EventEndDate":"","_EventStartDateUTC":"","_EventEndDateUTC":"","_EventShowMap":false,"_EventShowMapLink":false,"_EventURL":"","_EventCost":"","_EventCostDescription":"","_EventCurrencySymbol":"","_EventCurrencyCode":"","_EventCurrencyPosition":"","_EventDateTimeSeparator":"","_EventTimeRangeSeparator":"","_EventOrganizerID":[],"_EventVenueID":[],"_OrganizerEmail":"","_OrganizerPhone":"","_OrganizerWebsite":"","_VenueAddress":"","_VenueCity":"","_VenueCountry":"","_VenueProvince":"","_VenueState":"","_VenueZip":"","_VenuePhone":"","_VenueURL":"","_VenueStateProvince":"","_VenueLat":"","_VenueLng":"","_VenueShowMap":false,"_VenueShowMapLink":false,"footnotes":"","_links_to":"","_links_to_target":""},"categories":[1,23,20],"tags":[],"class_list":["post-2047","post","type-post","status-publish","format-standard","hentry","category-non-classe","category-informations-parents","category-informations-pratiques"],"_links":{"self":[{"href":"https:\/\/etab.ac-reunion.fr\/clg-chemin-morin\/wp-json\/wp\/v2\/posts\/2047","targetHints":{"allow":["GET"]}}],"collection":[{"href":"https:\/\/etab.ac-reunion.fr\/clg-chemin-morin\/wp-json\/wp\/v2\/posts"}],"about":[{"href":"https:\/\/etab.ac-reunion.fr\/clg-chemin-morin\/wp-json\/wp\/v2\/types\/post"}],"author":[{"embeddable":true,"href":"https:\/\/etab.ac-reunion.fr\/clg-chemin-morin\/wp-json\/wp\/v2\/users\/13978"}],"replies":[{"embeddable":true,"href":"https:\/\/etab.ac-reunion.fr\/clg-chemin-morin\/wp-json\/wp\/v2\/comments?post=2047"}],"version-history":[{"count":1,"href":"https:\/\/etab.ac-reunion.fr\/clg-chemin-morin\/wp-json\/wp\/v2\/posts\/2047\/revisions"}],"predecessor-version":[{"id":2048,"href":"https:\/\/etab.ac-reunion.fr\/clg-chemin-morin\/wp-json\/wp\/v2\/posts\/2047\/revisions\/2048"}],"wp:attachment":[{"href":"https:\/\/etab.ac-reunion.fr\/clg-chemin-morin\/wp-json\/wp\/v2\/media?parent=2047"}],"wp:term":[{"taxonomy":"category","embeddable":true,"href":"https:\/\/etab.ac-reunion.fr\/clg-chemin-morin\/wp-json\/wp\/v2\/categories?post=2047"},{"taxonomy":"post_tag","embeddable":true,"href":"https:\/\/etab.ac-reunion.fr\/clg-chemin-morin\/wp-json\/wp\/v2\/tags?post=2047"}],"curies":[{"name":"wp","href":"https:\/\/api.w.org\/{rel}","templated":true}]}}