{"id":2083,"date":"2022-02-28T13:01:46","date_gmt":"2022-02-28T09:01:46","guid":{"rendered":"http:\/\/college-chemin-morin.ac-reunion.fr\/?p=2083"},"modified":"2022-03-01T07:53:10","modified_gmt":"2022-03-01T03:53:10","slug":"evoquer-la-crise-ukrainienne","status":"publish","type":"post","link":"https:\/\/etab.ac-reunion.fr\/clg-chemin-morin\/evoquer-la-crise-ukrainienne\/","title":{"rendered":"\u00c9voquer la crise ukrainienne"},"content":{"rendered":"\n<p>L&rsquo;offensive militaire lanc\u00e9e jeudi 24 f\u00e9vrier par la Russie contre l&rsquo;Ukraine, a marqu\u00e9 l&rsquo;actualit\u00e9 et les esprits. Elle a fait ressurgir la guerre au c\u0153ur du continent europ\u00e9en et son cort\u00e8ge de violence, de haine et de peur.<br><br>Les m\u00e9dias mais \u00e9galement les r\u00e9seaux sociaux relaient abondamment ce conflit qui interpelle, interroge voire inqui\u00e8te les \u00e9l\u00e8ves.<br><br>Au-del\u00e0 des nombreuses ressources p\u00e9dagogiques dont vous disposez d\u00e9j\u00e0 pour r\u00e9pondre aux \u00e9ventuels questionnements des \u00e9l\u00e8ves en classe, nous nous permettons de vous en indiquer de nouvelles :<br><br>    sur le site Eduscol : \u00ab\u00a0\u00c9voquer la crise ukrainienne avec les \u00e9l\u00e8ves\u00a0\u00bb<br><br><a rel=\"noreferrer noopener\" href=\"https:\/\/eduscol.education.fr\/3119\/evoquer-la-crise-ukrainienne-avec-les-eleves\" target=\"_blank\">https:\/\/eduscol.education.fr\/3119\/evoquer-la-crise-ukrainienne-avec-les-eleves<\/a><br><br>    sur le site de l&rsquo;APHG : \u00ab\u00a0\u00c9voquer la guerre en Ukraine dans nos classes &#8211; quelques pistes\u00a0\u00bb<br><br><a rel=\"noreferrer noopener\" href=\"https:\/\/www.aphg.fr\/Evoquer-la-guerre-en-Ukraine-dans-nos-classes-quelques-pistes\" target=\"_blank\">https:\/\/www.aphg.fr\/Evoquer-la-guerre-en-Ukraine-dans-nos-classes-quelques-pistes<br><\/a><br>     sur le site de notre coll\u00e8gue Sylvain Genevois, g\u00e9ographe, ma\u00eetre de conf\u00e9rence et enseignant \u00e0 l&rsquo;INSPE de la R\u00e9union  : \u00ab\u00a0La carte, objet \u00e9minemment politique : la mont\u00e9e des tensions en Ukraine\u00a0\u00bb<br><br><a rel=\"noreferrer noopener\" href=\"https:\/\/cartonumerique.blogspot.com\/search?q=ukraine\" target=\"_blank\">https:\/\/cartonumerique.blogspot.com\/search?q=ukraine<br><\/a><br>     sur le site Les Clionautes : \u00ab\u00a0La guerre en Ukraine, r\u00e9v\u00e9lateur des tensions g\u00e9opolitiques du monde\u00a0\u00bb<br><br><a rel=\"noreferrer noopener\" href=\"https:\/\/www.clionautes.org\/guerre-ukraine-2022.html\" target=\"_blank\">https:\/\/www.clionautes.org\/guerre-ukraine-2022.html<\/a><br><br>     un article de la revue en ligne AOC ( en pi\u00e8ce jointe)<br><br><br>Corinne DENIAUD Fabrice SORBA<br>IA-IPR d\u2019Histoire-g\u00e9ographie<\/p>\n\n\n\n<div data-wp-interactive=\"core\/file\" class=\"wp-block-file\"><object data-wp-bind--hidden=\"!state.hasPdfPreview\" hidden class=\"wp-block-file__embed\" data=\"https:\/\/etab.ac-reunion.fr\/clg-chemin-morin\/wp-content\/uploads\/sites\/38\/2022\/03\/Poutine-et-lexpansionnisme-guerrier-contre-lUkraine-article-AOC-24-02-2022.pdf\" type=\"application\/pdf\" style=\"width:100%;height:600px\" aria-label=\"Contenu embarqu\u00e9 Contenu embarqu\u00e9 Poutine-et-lexpansionnisme-guerrier-contre-lUkraine-article-AOC-24-02-2022..\"><\/object><a id=\"wp-block-file--media-fa49ba99-6b75-4fbf-b900-178b73a4dc31\" href=\"https:\/\/etab.ac-reunion.fr\/clg-chemin-morin\/wp-content\/uploads\/sites\/38\/2022\/03\/Poutine-et-lexpansionnisme-guerrier-contre-lUkraine-article-AOC-24-02-2022.pdf\">Poutine-et-lexpansionnisme-guerrier-contre-lUkraine-article-AOC-24-02-2022<\/a><a href=\"https:\/\/etab.ac-reunion.fr\/clg-chemin-morin\/wp-content\/uploads\/sites\/38\/2022\/03\/Poutine-et-lexpansionnisme-guerrier-contre-lUkraine-article-AOC-24-02-2022.pdf\" class=\"wp-block-file__button\" download aria-describedby=\"wp-block-file--media-fa49ba99-6b75-4fbf-b900-178b73a4dc31\">T\u00e9l\u00e9charger<\/a><\/div>\n","protected":false},"excerpt":{"rendered":"<p>L&rsquo;offensive militaire lanc\u00e9e jeudi 24 f\u00e9vrier par la Russie contre l&rsquo;Ukraine, a marqu\u00e9 l&rsquo;actualit\u00e9 et les esprits. Elle a fait ressurgir la guerre au c\u0153ur du continent europ\u00e9en et son [&hellip;]<\/p>\n","protected":false},"author":13978,"featured_media":0,"comment_status":"closed","ping_status":"open","sticky":false,"template":"","format":"standard","meta":{"_et_pb_use_builder":"","_et_pb_old_content":"","_et_gb_content_width":"","_EventAllDay":false,"_EventTimezone":"","_EventStartDate":"","_EventEndDate":"","_EventStartDateUTC":"","_EventEndDateUTC":"","_EventShowMap":false,"_EventShowMapLink":false,"_EventURL":"","_EventCost":"","_EventCostDescription":"","_EventCurrencySymbol":"","_EventCurrencyCode":"","_EventCurrencyPosition":"","_EventDateTimeSeparator":"","_EventTimeRangeSeparator":"","_EventOrganizerID":[],"_EventVenueID":[],"_OrganizerEmail":"","_OrganizerPhone":"","_OrganizerWebsite":"","_VenueAddress":"","_VenueCity":"","_VenueCountry":"","_VenueProvince":"","_VenueState":"","_VenueZip":"","_VenuePhone":"","_VenueURL":"","_VenueStateProvince":"","_VenueLat":"","_VenueLng":"","_VenueShowMap":false,"_VenueShowMapLink":false,"footnotes":"","_links_to":"","_links_to_target":""},"categories":[1,20],"tags":[],"class_list":["post-2083","post","type-post","status-publish","format-standard","hentry","category-non-classe","category-informations-pratiques"],"_links":{"self":[{"href":"https:\/\/etab.ac-reunion.fr\/clg-chemin-morin\/wp-json\/wp\/v2\/posts\/2083","targetHints":{"allow":["GET"]}}],"collection":[{"href":"https:\/\/etab.ac-reunion.fr\/clg-chemin-morin\/wp-json\/wp\/v2\/posts"}],"about":[{"href":"https:\/\/etab.ac-reunion.fr\/clg-chemin-morin\/wp-json\/wp\/v2\/types\/post"}],"author":[{"embeddable":true,"href":"https:\/\/etab.ac-reunion.fr\/clg-chemin-morin\/wp-json\/wp\/v2\/users\/13978"}],"replies":[{"embeddable":true,"href":"https:\/\/etab.ac-reunion.fr\/clg-chemin-morin\/wp-json\/wp\/v2\/comments?post=2083"}],"version-history":[{"count":4,"href":"https:\/\/etab.ac-reunion.fr\/clg-chemin-morin\/wp-json\/wp\/v2\/posts\/2083\/revisions"}],"predecessor-version":[{"id":2095,"href":"https:\/\/etab.ac-reunion.fr\/clg-chemin-morin\/wp-json\/wp\/v2\/posts\/2083\/revisions\/2095"}],"wp:attachment":[{"href":"https:\/\/etab.ac-reunion.fr\/clg-chemin-morin\/wp-json\/wp\/v2\/media?parent=2083"}],"wp:term":[{"taxonomy":"category","embeddable":true,"href":"https:\/\/etab.ac-reunion.fr\/clg-chemin-morin\/wp-json\/wp\/v2\/categories?post=2083"},{"taxonomy":"post_tag","embeddable":true,"href":"https:\/\/etab.ac-reunion.fr\/clg-chemin-morin\/wp-json\/wp\/v2\/tags?post=2083"}],"curies":[{"name":"wp","href":"https:\/\/api.w.org\/{rel}","templated":true}]}}