{"id":2087,"date":"2022-02-28T20:33:53","date_gmt":"2022-02-28T16:33:53","guid":{"rendered":"http:\/\/college-chemin-morin.ac-reunion.fr\/?p=2087"},"modified":"2022-02-28T20:40:03","modified_gmt":"2022-02-28T16:40:03","slug":"note-aux-familles","status":"publish","type":"post","link":"https:\/\/etab.ac-reunion.fr\/clg-chemin-morin\/note-aux-familles\/","title":{"rendered":"Note aux familles"},"content":{"rendered":"\n<p><strong><mark class=\"has-inline-color has-vivid-red-color\">All\u00e9gement du protocole COVID<\/mark><\/strong><br><br><br>A partir du lundi 28 f\u00e9vrier 22, le protocole sanitaire sera amen\u00e9 \u00e0 \u00eatre all\u00e9g\u00e9 : le port du masque ne sera plus obligatoire \u00e0 l\u2019ext\u00e9rieur des b\u00e2timents, aussi bien pour les \u00e9l\u00e8ves que pour les adultes. <br><br><br>N\u00e9anmoins, chacun devra continuer de le porter dans tous les lieux clos (salle de classe, au CDI, en permanence\u2026).<br><br><br> Ainsi, les \u00e9l\u00e8ves, comme les adultes, pourront franchir le portail sans masque. Les \u00e9l\u00e8ves le mettront au moment de la sonnerie. Pour cela, veuillez v\u00e9rifier que votre enfant poss\u00e8de au moins deux masques pour la journ\u00e9e. Les enseignants et le personnel d\u2019encadrement s\u2019assureront que chaque \u00e9l\u00e8ve porte son masque dans les salles de classe.<br><br>Pour ce qui est des r\u00e8gles d\u2019isolement, elles restent inchang\u00e9es.<br><br><strong><mark class=\"has-inline-color has-vivid-red-color\">RAPPEL R\u00e8glement Int\u00e9rieur<\/mark><\/strong><br><br><strong><mark class=\"has-inline-color has-black-color\">Nous observons depuis quelques semaines des manquements au r\u00e8glement int\u00e9rieur. Nous vous rappelons donc chers parents un point important du r\u00e8glement que vous trouverez \u00e0 la page 8 du carnet de liaison<\/mark><\/strong><br><br>Devoirs de l&rsquo;\u00e9l\u00e8ve : avoir une tenue vestimentaire correcte <mark class=\"has-inline-color has-black-color\"><strong>(pas de haut sans bretelles, pas de d\u00e9collet\u00e9s, pas de dos nus,  pas de v\u00eatements trop courts, pas de sous-v\u00eatements apparents, pas de tenues trop pr\u00e8s du corps et de tenues excentriques)<\/strong><\/mark>, absence de tout message \u00e0 caract\u00e8re politique ou insultant ou pouvant faire la promotion de produits illicites. Les shorts doivent \u00eatre r\u00e9serv\u00e9s \u00e0 la pratique de l\u2019EPS. En cas de non respect, l\u2019\u00e9l\u00e8ve devra porter un tee-shirt pr\u00eat\u00e9 par le coll\u00e8ge pour la journ\u00e9e. Le port de casquettes, de bonnet, de lunettes de soleil- sauf avis m\u00e9dical et pendant le cours d\u2019EPS- n\u2019est pas autoris\u00e9 \u00e0 l\u2019int\u00e9rieur de l\u2019\u00e9tablissement. Le maquillage doit rester discret (pas de rouge \u00e0 l\u00e8vres voyant ou trop prononc\u00e9) <strong>L\u2019appr\u00e9ciation du caract\u00e8re correct ou non de la tenue de l\u2019\u00e9l\u00e8ve rel\u00e8ve des personnels du coll\u00e8ge.<\/strong><br><br>Merci de votre collaboration.<br><br>                               <br>La direction<\/p>\n","protected":false},"excerpt":{"rendered":"<p>All\u00e9gement du protocole COVID A partir du lundi 28 f\u00e9vrier 22, le protocole sanitaire sera amen\u00e9 \u00e0 \u00eatre all\u00e9g\u00e9 : le port du masque ne sera plus obligatoire \u00e0 l\u2019ext\u00e9rieur [&hellip;]<\/p>\n","protected":false},"author":13978,"featured_media":0,"comment_status":"closed","ping_status":"open","sticky":false,"template":"","format":"standard","meta":{"_et_pb_use_builder":"","_et_pb_old_content":"","_et_gb_content_width":"","_EventAllDay":false,"_EventTimezone":"","_EventStartDate":"","_EventEndDate":"","_EventStartDateUTC":"","_EventEndDateUTC":"","_EventShowMap":false,"_EventShowMapLink":false,"_EventURL":"","_EventCost":"","_EventCostDescription":"","_EventCurrencySymbol":"","_EventCurrencyCode":"","_EventCurrencyPosition":"","_EventDateTimeSeparator":"","_EventTimeRangeSeparator":"","_EventOrganizerID":[],"_EventVenueID":[],"_OrganizerEmail":"","_OrganizerPhone":"","_OrganizerWebsite":"","_VenueAddress":"","_VenueCity":"","_VenueCountry":"","_VenueProvince":"","_VenueState":"","_VenueZip":"","_VenuePhone":"","_VenueURL":"","_VenueStateProvince":"","_VenueLat":"","_VenueLng":"","_VenueShowMap":false,"_VenueShowMapLink":false,"footnotes":"","_links_to":"","_links_to_target":""},"categories":[1],"tags":[],"class_list":["post-2087","post","type-post","status-publish","format-standard","hentry","category-non-classe"],"_links":{"self":[{"href":"https:\/\/etab.ac-reunion.fr\/clg-chemin-morin\/wp-json\/wp\/v2\/posts\/2087","targetHints":{"allow":["GET"]}}],"collection":[{"href":"https:\/\/etab.ac-reunion.fr\/clg-chemin-morin\/wp-json\/wp\/v2\/posts"}],"about":[{"href":"https:\/\/etab.ac-reunion.fr\/clg-chemin-morin\/wp-json\/wp\/v2\/types\/post"}],"author":[{"embeddable":true,"href":"https:\/\/etab.ac-reunion.fr\/clg-chemin-morin\/wp-json\/wp\/v2\/users\/13978"}],"replies":[{"embeddable":true,"href":"https:\/\/etab.ac-reunion.fr\/clg-chemin-morin\/wp-json\/wp\/v2\/comments?post=2087"}],"version-history":[{"count":2,"href":"https:\/\/etab.ac-reunion.fr\/clg-chemin-morin\/wp-json\/wp\/v2\/posts\/2087\/revisions"}],"predecessor-version":[{"id":2091,"href":"https:\/\/etab.ac-reunion.fr\/clg-chemin-morin\/wp-json\/wp\/v2\/posts\/2087\/revisions\/2091"}],"wp:attachment":[{"href":"https:\/\/etab.ac-reunion.fr\/clg-chemin-morin\/wp-json\/wp\/v2\/media?parent=2087"}],"wp:term":[{"taxonomy":"category","embeddable":true,"href":"https:\/\/etab.ac-reunion.fr\/clg-chemin-morin\/wp-json\/wp\/v2\/categories?post=2087"},{"taxonomy":"post_tag","embeddable":true,"href":"https:\/\/etab.ac-reunion.fr\/clg-chemin-morin\/wp-json\/wp\/v2\/tags?post=2087"}],"curies":[{"name":"wp","href":"https:\/\/api.w.org\/{rel}","templated":true}]}}