{"id":2148,"date":"2022-05-13T09:52:31","date_gmt":"2022-05-13T05:52:31","guid":{"rendered":"http:\/\/college-chemin-morin.ac-reunion.fr\/?p=2148"},"modified":"2022-05-13T10:14:44","modified_gmt":"2022-05-13T06:14:44","slug":"festival-krearts-2022","status":"publish","type":"post","link":"https:\/\/etab.ac-reunion.fr\/clg-chemin-morin\/festival-krearts-2022\/","title":{"rendered":"FESTIVAL KRE&rsquo;ARTS 2022"},"content":{"rendered":"\n<p>Le programme d\u00e9taill\u00e9 du Festival Kr\u00e9&rsquo;arts du 9 au 16 mai 2022 \u00e0 Saint-Andr\u00e9, pour information et diffusion aupr\u00e8s de vos r\u00e9f\u00e9rents cultures et de vos \u00e9l\u00e8ves.<br><br>Nous vous convions \u00e9galement \u00e0 la conf\u00e9rence sur l&rsquo;histoire de la danse en France et dans l&rsquo;Oc\u00e9an Indien le mercredi 11 mai 2022 de 17h30 \u00e0 19h30 \u00e0 la M\u00e9diath\u00e8que Auguste Lacaussade.<\/p>\n\n\n\n<ul class=\"wp-block-list\"><li><strong><u>Lundi 09 mai 2022&nbsp;de 17h30 \u00e0 19h30&nbsp;:<\/u><\/strong><\/li><li>Restitution du travail des jeunes de <strong>Dior\u00e9<\/strong> \u00e0 <strong>l\u2019Ecole Primaire Marius Teza<\/strong> + Extraits live des spectacles avec le danseur Stephen Bongar\u00e7on + Animation danse avec le public<\/li><\/ul>\n\n\n\n<ul class=\"wp-block-list\"><li><strong><u>Mardi 10 mai 2022 de 17h30 \u00e0 19h30&nbsp;:<\/u><\/strong><\/li><li>Restitution du travail des jeunes de <strong>l\u2019IME Raymond Allard <\/strong>et ceux de <strong>Cambuston<\/strong> \/ <strong>Bras des Chevrettes<\/strong> \u00e0 la <strong>Salle polyvalente de Bois-Rouge<\/strong> + Extraits live des spectacles avec le danseur Stephen Bongar\u00e7on + Animation danse avec le public<\/li><li><strong><u>Mercredi 11 mai&nbsp;2022 :<\/u><\/strong><\/li><\/ul>\n\n\n\n<ul class=\"wp-block-list\"><li>En matin\u00e9e et apr\u00e8s-midi au Colosse<strong> :<\/strong> <strong>Divers master class au Parc du Colosse<\/strong><strong><\/strong><ul><li><strong>Graff<\/strong> avec Simon Teroy de 9h \u00e0 10h30 au skate parc<\/li><\/ul><ul><li><strong>Djing<\/strong> avec DJ DAN de 14h \u00e0 16h sous le hall gauche \u00e0 l\u2019entr\u00e9e<\/li><\/ul><ul><li><strong>Breakdance<\/strong> avec Gabin Nuissier de 14h \u00e0 16h<\/li><\/ul><\/li><\/ul>\n\n\n\n<ul class=\"wp-block-list\"><li>Apr\u00e8s-midi&nbsp;: <strong>Master Class \u00e0 l\u2019\u00e9cole de danse<\/strong> avec Stephen Bongar\u00e7on de 13h \u00e0 15h<\/li><\/ul>\n\n\n\n<ul class=\"wp-block-list\"><li>En soir\u00e9e<strong>&nbsp;:<\/strong><strong> <\/strong>Conf\u00e9rence tout public sur l\u2019histoire de la danse en France et de la professionnalisation &nbsp;des danseurs avec <strong>Gabin Nuissier<\/strong>, une pr\u00e9sentation du secteur hip-hop en Afrique du Sud par <strong>LYRICAL DEEZY&nbsp;aka Densley Carolissen,&nbsp; <\/strong>une pr\u00e9sentation du secteur <strong>&nbsp;<\/strong>\u00e0 Maurice par<strong>&nbsp; <\/strong><strong>St\u00e9phen Bongar\u00e7on&nbsp; &nbsp;<\/strong>et les&nbsp; t\u00e9moignages des parcours de l\u2019italienne<strong> Valentina Corosu <\/strong>et &nbsp;du r\u00e9unionnais<strong> &nbsp;Fabrice Mahicka <\/strong>de <strong>la cie V<\/strong><strong>&amp;F<\/strong> (M\u00e9diath\u00e8que, salle de l\u2019image)&nbsp;:<ul><li>Entr\u00e9e public&nbsp;: 16h45<\/li><\/ul><ul><li>Heure de d\u00e9but&nbsp;: 17h30<\/li><\/ul><ul><li>Heure de fin estim\u00e9e&nbsp;: 19h30<\/li><\/ul><\/li><\/ul>\n\n\n\n<ul class=\"wp-block-list\"><li><strong><u>Jeudi 12 mai 2022&nbsp;de 17h30 \u00e0 19h30&nbsp;:<\/u><\/strong><ul><li>Restitution du travail des jeunes de <strong>Fayard<\/strong> au <strong>Domaine de la Vanille<\/strong> + Extraits live des spectacles &nbsp;avec les compagnies V&amp;F (Fabrice Mahicka et&nbsp; Valentina Corosu), Gabin Nuisier, St\u00e9phen Bongar\u00e7on + Animation danse &nbsp;et interactions avec le public<\/li><\/ul><\/li><\/ul>\n\n\n\n<ul class=\"wp-block-list\"><li><strong><u>Vendredi 13 mai&nbsp;:<\/u><\/strong><strong> Soir\u00e9e spectacle de danse avec plusieurs Compagnies<\/strong>, <strong>au Parc du Colosse&nbsp;:<\/strong><\/li><li><strong>Restitutions par les jeunes<\/strong> de St Andr\u00e9 \/ <strong>Show Crew<\/strong> 974 \/ Cie SR<\/li><li><strong>Danse<\/strong> avec <strong>Stephen Bongar\u00e7on<\/strong> (Maurice) \u201cSUTRA\u201d \/ <strong>Cie V&amp;F duo Fabrice Mahicka et Valentina Corosu<\/strong> (Paris) \u201cD\u2019o\u00f9 l\u2019oiseau\u201d\u2026<ul><li>Entr\u00e9e public&nbsp;: 18h<\/li><\/ul><ul><li>Heure de d\u00e9but&nbsp;: 18h45<\/li><\/ul><ul><li>Heure de fin estim\u00e9e&nbsp;: 22h<\/li><\/ul><\/li><\/ul>\n\n\n\n<ul class=\"wp-block-list\"><li><strong><u>Samedi 14 mai&nbsp;:<\/u><\/strong><strong> Soir\u00e9e concert avec DJ Dan et L\u2019indigo&nbsp;:<\/strong><ul><li>Entr\u00e9e public&nbsp;: 19h<\/li><\/ul><ul><li>Heure de d\u00e9but&nbsp;: 20h<\/li><\/ul><ul><li>Heure de fin estim\u00e9e&nbsp;: 22h<\/li><\/ul><\/li><\/ul>\n\n\n\n<ul class=\"wp-block-list\"><li><strong><u>Dimanche 15 mai&nbsp;:<\/u><\/strong><strong><\/strong><\/li><li><strong>R\u00e9alisation d\u2019une fresque au Parc du Colosse toute la journ\u00e9e<\/strong><\/li><li><strong>Battle kids et Battle de crew&nbsp;:<\/strong><ul><li>Entr\u00e9e public&nbsp;: 16h30<\/li><\/ul><ul><li>Heure de d\u00e9but&nbsp;: 17h<\/li><\/ul><ul><li>Heure de fin estim\u00e9e&nbsp;: 20h30<\/li><\/ul><\/li><\/ul>\n\n\n\n<p><\/p>\n","protected":false},"excerpt":{"rendered":"<p>Le programme d\u00e9taill\u00e9 du Festival Kr\u00e9&rsquo;arts du 9 au 16 mai 2022 \u00e0 Saint-Andr\u00e9, pour information et diffusion aupr\u00e8s de vos r\u00e9f\u00e9rents cultures et de vos \u00e9l\u00e8ves. Nous vous convions [&hellip;]<\/p>\n","protected":false},"author":13978,"featured_media":0,"comment_status":"closed","ping_status":"open","sticky":false,"template":"","format":"standard","meta":{"_et_pb_use_builder":"","_et_pb_old_content":"","_et_gb_content_width":"","_EventAllDay":false,"_EventTimezone":"","_EventStartDate":"","_EventEndDate":"","_EventStartDateUTC":"","_EventEndDateUTC":"","_EventShowMap":false,"_EventShowMapLink":false,"_EventURL":"","_EventCost":"","_EventCostDescription":"","_EventCurrencySymbol":"","_EventCurrencyCode":"","_EventCurrencyPosition":"","_EventDateTimeSeparator":"","_EventTimeRangeSeparator":"","_EventOrganizerID":[],"_EventVenueID":[],"_OrganizerEmail":"","_OrganizerPhone":"","_OrganizerWebsite":"","_VenueAddress":"","_VenueCity":"","_VenueCountry":"","_VenueProvince":"","_VenueState":"","_VenueZip":"","_VenuePhone":"","_VenueURL":"","_VenueStateProvince":"","_VenueLat":"","_VenueLng":"","_VenueShowMap":false,"_VenueShowMapLink":false,"footnotes":"","_links_to":"","_links_to_target":""},"categories":[1,20],"tags":[],"class_list":["post-2148","post","type-post","status-publish","format-standard","hentry","category-non-classe","category-informations-pratiques"],"_links":{"self":[{"href":"https:\/\/etab.ac-reunion.fr\/clg-chemin-morin\/wp-json\/wp\/v2\/posts\/2148","targetHints":{"allow":["GET"]}}],"collection":[{"href":"https:\/\/etab.ac-reunion.fr\/clg-chemin-morin\/wp-json\/wp\/v2\/posts"}],"about":[{"href":"https:\/\/etab.ac-reunion.fr\/clg-chemin-morin\/wp-json\/wp\/v2\/types\/post"}],"author":[{"embeddable":true,"href":"https:\/\/etab.ac-reunion.fr\/clg-chemin-morin\/wp-json\/wp\/v2\/users\/13978"}],"replies":[{"embeddable":true,"href":"https:\/\/etab.ac-reunion.fr\/clg-chemin-morin\/wp-json\/wp\/v2\/comments?post=2148"}],"version-history":[{"count":2,"href":"https:\/\/etab.ac-reunion.fr\/clg-chemin-morin\/wp-json\/wp\/v2\/posts\/2148\/revisions"}],"predecessor-version":[{"id":2157,"href":"https:\/\/etab.ac-reunion.fr\/clg-chemin-morin\/wp-json\/wp\/v2\/posts\/2148\/revisions\/2157"}],"wp:attachment":[{"href":"https:\/\/etab.ac-reunion.fr\/clg-chemin-morin\/wp-json\/wp\/v2\/media?parent=2148"}],"wp:term":[{"taxonomy":"category","embeddable":true,"href":"https:\/\/etab.ac-reunion.fr\/clg-chemin-morin\/wp-json\/wp\/v2\/categories?post=2148"},{"taxonomy":"post_tag","embeddable":true,"href":"https:\/\/etab.ac-reunion.fr\/clg-chemin-morin\/wp-json\/wp\/v2\/tags?post=2148"}],"curies":[{"name":"wp","href":"https:\/\/api.w.org\/{rel}","templated":true}]}}