{"id":2152,"date":"2022-05-13T09:53:27","date_gmt":"2022-05-13T05:53:27","guid":{"rendered":"http:\/\/college-chemin-morin.ac-reunion.fr\/?p=2152"},"modified":"2022-05-13T10:17:02","modified_gmt":"2022-05-13T06:17:02","slug":"preparation-de-la-journee-olympique-du-23-juin-2022","status":"publish","type":"post","link":"https:\/\/etab.ac-reunion.fr\/clg-chemin-morin\/preparation-de-la-journee-olympique-du-23-juin-2022\/","title":{"rendered":"Pr\u00e9paration de la Journ\u00e9e olympique du 23 juin 2022"},"content":{"rendered":"\n<p>La journ\u00e9e olympique, troisi\u00e8me temps fort annuel du label G\u00e9n\u00e9ration 2024, se tiendra le 23 juin sur le th\u00e8me de \u00ab la paix et la solidarit\u00e9 \u00bb.<br><br>Dans ce cadre, les \u00e9coles et \u00e9tablissements sont invit\u00e9s \u00e0 organiser des courses ou marches sur 2024 m pour rejoindre un Arbre de la paix et y accrocher un message ou un ruban blanc.<\/p>\n\n\n\n<div data-wp-interactive=\"core\/file\" class=\"wp-block-file\"><object data-wp-bind--hidden=\"!state.hasPdfPreview\" hidden class=\"wp-block-file__embed\" data=\"https:\/\/etab.ac-reunion.fr\/clg-chemin-morin\/wp-content\/uploads\/sites\/38\/2022\/05\/Journee-Olympique-2022.pdf\" type=\"application\/pdf\" style=\"width:100%;height:600px\" aria-label=\"Contenu embarqu\u00e9 Contenu embarqu\u00e9 Journee-Olympique-2022..\"><\/object><a id=\"wp-block-file--media-7fbda112-c611-4c0d-9d8d-60c1cb2b7f1e\" href=\"https:\/\/etab.ac-reunion.fr\/clg-chemin-morin\/wp-content\/uploads\/sites\/38\/2022\/05\/Journee-Olympique-2022.pdf\">Journee-Olympique-2022<\/a><a href=\"https:\/\/etab.ac-reunion.fr\/clg-chemin-morin\/wp-content\/uploads\/sites\/38\/2022\/05\/Journee-Olympique-2022.pdf\" class=\"wp-block-file__button\" download aria-describedby=\"wp-block-file--media-7fbda112-c611-4c0d-9d8d-60c1cb2b7f1e\">T\u00e9l\u00e9charger<\/a><\/div>\n","protected":false},"excerpt":{"rendered":"<p>La journ\u00e9e olympique, troisi\u00e8me temps fort annuel du label G\u00e9n\u00e9ration 2024, se tiendra le 23 juin sur le th\u00e8me de \u00ab la paix et la solidarit\u00e9 \u00bb. Dans ce cadre, [&hellip;]<\/p>\n","protected":false},"author":13978,"featured_media":0,"comment_status":"closed","ping_status":"open","sticky":false,"template":"","format":"standard","meta":{"_et_pb_use_builder":"","_et_pb_old_content":"","_et_gb_content_width":"","_EventAllDay":false,"_EventTimezone":"","_EventStartDate":"","_EventEndDate":"","_EventStartDateUTC":"","_EventEndDateUTC":"","_EventShowMap":false,"_EventShowMapLink":false,"_EventURL":"","_EventCost":"","_EventCostDescription":"","_EventCurrencySymbol":"","_EventCurrencyCode":"","_EventCurrencyPosition":"","_EventDateTimeSeparator":"","_EventTimeRangeSeparator":"","_EventOrganizerID":[],"_EventVenueID":[],"_OrganizerEmail":"","_OrganizerPhone":"","_OrganizerWebsite":"","_VenueAddress":"","_VenueCity":"","_VenueCountry":"","_VenueProvince":"","_VenueState":"","_VenueZip":"","_VenuePhone":"","_VenueURL":"","_VenueStateProvince":"","_VenueLat":"","_VenueLng":"","_VenueShowMap":false,"_VenueShowMapLink":false,"footnotes":"","_links_to":"","_links_to_target":""},"categories":[1,20],"tags":[],"class_list":["post-2152","post","type-post","status-publish","format-standard","hentry","category-non-classe","category-informations-pratiques"],"_links":{"self":[{"href":"https:\/\/etab.ac-reunion.fr\/clg-chemin-morin\/wp-json\/wp\/v2\/posts\/2152","targetHints":{"allow":["GET"]}}],"collection":[{"href":"https:\/\/etab.ac-reunion.fr\/clg-chemin-morin\/wp-json\/wp\/v2\/posts"}],"about":[{"href":"https:\/\/etab.ac-reunion.fr\/clg-chemin-morin\/wp-json\/wp\/v2\/types\/post"}],"author":[{"embeddable":true,"href":"https:\/\/etab.ac-reunion.fr\/clg-chemin-morin\/wp-json\/wp\/v2\/users\/13978"}],"replies":[{"embeddable":true,"href":"https:\/\/etab.ac-reunion.fr\/clg-chemin-morin\/wp-json\/wp\/v2\/comments?post=2152"}],"version-history":[{"count":2,"href":"https:\/\/etab.ac-reunion.fr\/clg-chemin-morin\/wp-json\/wp\/v2\/posts\/2152\/revisions"}],"predecessor-version":[{"id":2159,"href":"https:\/\/etab.ac-reunion.fr\/clg-chemin-morin\/wp-json\/wp\/v2\/posts\/2152\/revisions\/2159"}],"wp:attachment":[{"href":"https:\/\/etab.ac-reunion.fr\/clg-chemin-morin\/wp-json\/wp\/v2\/media?parent=2152"}],"wp:term":[{"taxonomy":"category","embeddable":true,"href":"https:\/\/etab.ac-reunion.fr\/clg-chemin-morin\/wp-json\/wp\/v2\/categories?post=2152"},{"taxonomy":"post_tag","embeddable":true,"href":"https:\/\/etab.ac-reunion.fr\/clg-chemin-morin\/wp-json\/wp\/v2\/tags?post=2152"}],"curies":[{"name":"wp","href":"https:\/\/api.w.org\/{rel}","templated":true}]}}