{"id":2154,"date":"2022-05-13T09:57:07","date_gmt":"2022-05-13T05:57:07","guid":{"rendered":"http:\/\/college-chemin-morin.ac-reunion.fr\/?p=2154"},"modified":"2022-05-13T10:18:28","modified_gmt":"2022-05-13T06:18:28","slug":"fete-de-la-nature-16eme-edition_-du-18-au-22-mai-2022","status":"publish","type":"post","link":"https:\/\/etab.ac-reunion.fr\/clg-chemin-morin\/fete-de-la-nature-16eme-edition_-du-18-au-22-mai-2022\/","title":{"rendered":"FETE DE LA NATURE : 16\u00e8me \u00e9dition_ du 18 au 22 mai 2022"},"content":{"rendered":"\n<p>Le D\u00e9partement c\u00e9l\u00e8bre les 30 ans de politique de pr\u00e9servation et de valorisation des Espaces Naturels Sensibles et de la Biodiversit\u00e9 de La R\u00e9union \u00e0 l&rsquo;occasion de la 16\u00e8me \u00e9dition de F\u00eate de la Nature.<br><br>Du 18 au 22 mai 2022, le D\u00e9partement de La R\u00e9union vous invite \u00e0 d\u00e9couvrir des sites d\u2019exception et des paysages remarquables dont la richesse et la diversit\u00e9 terrestre et marine comptent parmi les mieux pr\u00e9serv\u00e9s de la plan\u00e8te.<br><br>Vous pourrez vous \u00e9merveiller de la magie de la biodiversit\u00e9 et contribuer \u00e0 la pr\u00e9servation de la nature r\u00e9unionnaise.<br><br>For\u00eats de bois de couleurs, \u00eelet pittoresque, v\u00e9g\u00e9tation semi-s\u00e8che, sous-bois secrets, esp\u00e8ces end\u00e9miques uniques au monde, bourdonnement des abeilles, cristallisation du sel, for\u00eat submangrove, \u00e9co-ateliers, libellule et demoiselle, r\u00e9cifs et lagon, observations de la faune et de la flore, randonn\u00e9es, nuit\u00e9es\u2026 seront au rendez-vous !<br><br>Le programme sur :https:\/\/www.departement974.fr\/actualite\/fete-de-nature-2022-18-au-22-mai<br><br>R\u00e9servez votre visite guid\u00e9e au : 0262 97 59 59<\/p>\n\n\n\n<figure class=\"wp-block-image size-full\"><img loading=\"lazy\" decoding=\"async\" width=\"800\" height=\"800\" src=\"https:\/\/etab.ac-reunion.fr\/clg-chemin-morin\/wp-content\/uploads\/sites\/38\/2022\/05\/visuel-facebook-fet-nat-2022_1200x1200px.jpg\" alt=\"\" class=\"wp-image-2160\" srcset=\"https:\/\/etab.ac-reunion.fr\/clg-chemin-morin\/wp-content\/uploads\/sites\/38\/2022\/05\/visuel-facebook-fet-nat-2022_1200x1200px.jpg 800w, https:\/\/etab.ac-reunion.fr\/clg-chemin-morin\/wp-content\/uploads\/sites\/38\/2022\/05\/visuel-facebook-fet-nat-2022_1200x1200px-480x480.jpg 480w\" sizes=\"(min-width: 0px) and (max-width: 480px) 480px, (min-width: 481px) 800px, 100vw\" \/><\/figure>\n","protected":false},"excerpt":{"rendered":"<p>Le D\u00e9partement c\u00e9l\u00e8bre les 30 ans de politique de pr\u00e9servation et de valorisation des Espaces Naturels Sensibles et de la Biodiversit\u00e9 de La R\u00e9union \u00e0 l&rsquo;occasion de la 16\u00e8me \u00e9dition [&hellip;]<\/p>\n","protected":false},"author":13978,"featured_media":0,"comment_status":"closed","ping_status":"open","sticky":false,"template":"","format":"standard","meta":{"_et_pb_use_builder":"","_et_pb_old_content":"","_et_gb_content_width":"","_EventAllDay":false,"_EventTimezone":"","_EventStartDate":"","_EventEndDate":"","_EventStartDateUTC":"","_EventEndDateUTC":"","_EventShowMap":false,"_EventShowMapLink":false,"_EventURL":"","_EventCost":"","_EventCostDescription":"","_EventCurrencySymbol":"","_EventCurrencyCode":"","_EventCurrencyPosition":"","_EventDateTimeSeparator":"","_EventTimeRangeSeparator":"","_EventOrganizerID":[],"_EventVenueID":[],"_OrganizerEmail":"","_OrganizerPhone":"","_OrganizerWebsite":"","_VenueAddress":"","_VenueCity":"","_VenueCountry":"","_VenueProvince":"","_VenueState":"","_VenueZip":"","_VenuePhone":"","_VenueURL":"","_VenueStateProvince":"","_VenueLat":"","_VenueLng":"","_VenueShowMap":false,"_VenueShowMapLink":false,"footnotes":"","_links_to":"","_links_to_target":""},"categories":[1,20],"tags":[],"class_list":["post-2154","post","type-post","status-publish","format-standard","hentry","category-non-classe","category-informations-pratiques"],"_links":{"self":[{"href":"https:\/\/etab.ac-reunion.fr\/clg-chemin-morin\/wp-json\/wp\/v2\/posts\/2154","targetHints":{"allow":["GET"]}}],"collection":[{"href":"https:\/\/etab.ac-reunion.fr\/clg-chemin-morin\/wp-json\/wp\/v2\/posts"}],"about":[{"href":"https:\/\/etab.ac-reunion.fr\/clg-chemin-morin\/wp-json\/wp\/v2\/types\/post"}],"author":[{"embeddable":true,"href":"https:\/\/etab.ac-reunion.fr\/clg-chemin-morin\/wp-json\/wp\/v2\/users\/13978"}],"replies":[{"embeddable":true,"href":"https:\/\/etab.ac-reunion.fr\/clg-chemin-morin\/wp-json\/wp\/v2\/comments?post=2154"}],"version-history":[{"count":3,"href":"https:\/\/etab.ac-reunion.fr\/clg-chemin-morin\/wp-json\/wp\/v2\/posts\/2154\/revisions"}],"predecessor-version":[{"id":2162,"href":"https:\/\/etab.ac-reunion.fr\/clg-chemin-morin\/wp-json\/wp\/v2\/posts\/2154\/revisions\/2162"}],"wp:attachment":[{"href":"https:\/\/etab.ac-reunion.fr\/clg-chemin-morin\/wp-json\/wp\/v2\/media?parent=2154"}],"wp:term":[{"taxonomy":"category","embeddable":true,"href":"https:\/\/etab.ac-reunion.fr\/clg-chemin-morin\/wp-json\/wp\/v2\/categories?post=2154"},{"taxonomy":"post_tag","embeddable":true,"href":"https:\/\/etab.ac-reunion.fr\/clg-chemin-morin\/wp-json\/wp\/v2\/tags?post=2154"}],"curies":[{"name":"wp","href":"https:\/\/api.w.org\/{rel}","templated":true}]}}