{"id":2156,"date":"2022-05-13T19:16:40","date_gmt":"2022-05-13T15:16:40","guid":{"rendered":"http:\/\/college-chemin-morin.ac-reunion.fr\/?p=2156"},"modified":"2022-05-13T19:19:27","modified_gmt":"2022-05-13T15:19:27","slug":"sortie-mer-des-upe2a-de-lest-du-12-mai-2022","status":"publish","type":"post","link":"https:\/\/etab.ac-reunion.fr\/clg-chemin-morin\/sortie-mer-des-upe2a-de-lest-du-12-mai-2022\/","title":{"rendered":"Sortie mer des UPE2A de l&rsquo;Est du 12 mai 2022"},"content":{"rendered":"\n<p>Sortie \u00e0 la mer des UPE2A du secteur Est<br><br>Quatre-vingts \u00c9ANA (\u00c9l\u00e8ves Allophones Nouvellement Arriv\u00e9s) r\u00e9partis dans 17 \u00e9coles et coll\u00e8ges de Saint-Benoit, Saint-Andr\u00e9, Sainte-Suzanne et Sainte-Marie (1) ont pass\u00e9 une journ\u00e9e inoubliable, ce jeudi 12 mai 2022. <br>D\u00e9couverte g\u00e9ographique et culturelle, support de langage en langue fran\u00e7aise, apprentissage du vivre ensemble, activit\u00e9 nautique, sont les mots-clefs de cette sortie pr\u00e9par\u00e9e pendant plusieurs mois par le CASNAV (2) de l\u2019Acad\u00e9mie de La R\u00e9union et 7 enseignants UPE2A (3) du secteur Est (4).<br>Gr\u00e2ce \u00e0 la balade en bus, ils partagent d\u00e9sormais avec leurs camarades natifs de La R\u00e9union, la connaissance d\u2019\u00e9l\u00e9ments visuels remarquables des paysages du littoral Est, Nord et Ouest de l\u2019\u00eele tels que les champs de canne, le Barachois ou la plage de l\u2019Ermitage. Originaires de l\u2019Oc\u00e9an Indien, ils ont pu d\u00e9couvrir les similitudes et les diff\u00e9rences avec la g\u00e9ographie de leurs \u00eeles natales (Mayotte, Anjouan, Comores, Maurice, Madagascar).<br>\u00c0 l\u2019Ermitage, ils ont b\u00e9n\u00e9fici\u00e9 d\u2019une s\u00e9ance d\u2019apprentissage de natation dans le lagon, ont pratiqu\u00e9 le Land Art, se sont exprim\u00e9s avec des instruments traditionnels du maloya.<br>\u00c0 l\u2019ombre des filaos, la journ\u00e9e s\u2019est achev\u00e9e en musique, avec la restitution de la chanson du patrimoine musical fran\u00e7ais Santiano d\u2019Hugues Aufray.<br>De retour en classe, ils r\u00e9investiront le vocabulaire appris depuis plusieurs mois, en racontant la sortie \u00e0 l\u2019\u00e9crit, \u00e0 l\u2019oral, devant leurs camarades, et leurs parents.<br>Merci aux Inspections, \u00e9coles et coll\u00e8ges des \u00e9l\u00e8ves, aux communes de Saint-Andr\u00e9, Sainte-Suzanne, Saint-Beno\u00eet, Sainte-Marie, Saint-Paul, aux parents accompagnateurs, aux enseignants, au Conseiller P\u00e9dagogique D\u00e9partemental EPS (sport), au ma\u00eetre-nageur d\u2019Aquaplouf ! Un remerciement particulier au coll\u00e8ge Guy M\u00f4quet pour le financement d\u2019un bus dans le cadre de la Cit\u00e9 \u00e9ducative de Saint-Beno\u00eet. <\/p>\n\n\n\n<div data-wp-interactive=\"core\/file\" class=\"wp-block-file\"><object data-wp-bind--hidden=\"!state.hasPdfPreview\" hidden class=\"wp-block-file__embed\" data=\"https:\/\/etab.ac-reunion.fr\/clg-chemin-morin\/wp-content\/uploads\/sites\/38\/2022\/05\/Sortie-a\u0300-la-mer-des-UPE2A-du-secteur-Est.pdf\" type=\"application\/pdf\" style=\"width:100%;height:600px\" aria-label=\"Contenu embarqu\u00e9 Contenu embarqu\u00e9 Sortie-a\u0300-la-mer-des-UPE2A-du-secteur-Est..\"><\/object><a id=\"wp-block-file--media-66ed2af2-63e9-49b1-a912-9fa185d4ecbb\" href=\"https:\/\/etab.ac-reunion.fr\/clg-chemin-morin\/wp-content\/uploads\/sites\/38\/2022\/05\/Sortie-a\u0300-la-mer-des-UPE2A-du-secteur-Est.pdf\">Sortie-a\u0300-la-mer-des-UPE2A-du-secteur-Est<\/a><a href=\"https:\/\/etab.ac-reunion.fr\/clg-chemin-morin\/wp-content\/uploads\/sites\/38\/2022\/05\/Sortie-a\u0300-la-mer-des-UPE2A-du-secteur-Est.pdf\" class=\"wp-block-file__button\" download aria-describedby=\"wp-block-file--media-66ed2af2-63e9-49b1-a912-9fa185d4ecbb\">T\u00e9l\u00e9charger<\/a><\/div>\n\n\n\n<p><br><\/p>\n","protected":false},"excerpt":{"rendered":"<p>Sortie \u00e0 la mer des UPE2A du secteur Est Quatre-vingts \u00c9ANA (\u00c9l\u00e8ves Allophones Nouvellement Arriv\u00e9s) r\u00e9partis dans 17 \u00e9coles et coll\u00e8ges de Saint-Benoit, Saint-Andr\u00e9, Sainte-Suzanne et Sainte-Marie (1) ont pass\u00e9 [&hellip;]<\/p>\n","protected":false},"author":13978,"featured_media":0,"comment_status":"closed","ping_status":"open","sticky":false,"template":"","format":"standard","meta":{"_et_pb_use_builder":"","_et_pb_old_content":"","_et_gb_content_width":"","_EventAllDay":false,"_EventTimezone":"","_EventStartDate":"","_EventEndDate":"","_EventStartDateUTC":"","_EventEndDateUTC":"","_EventShowMap":false,"_EventShowMapLink":false,"_EventURL":"","_EventCost":"","_EventCostDescription":"","_EventCurrencySymbol":"","_EventCurrencyCode":"","_EventCurrencyPosition":"","_EventDateTimeSeparator":"","_EventTimeRangeSeparator":"","_EventOrganizerID":[],"_EventVenueID":[],"_OrganizerEmail":"","_OrganizerPhone":"","_OrganizerWebsite":"","_VenueAddress":"","_VenueCity":"","_VenueCountry":"","_VenueProvince":"","_VenueState":"","_VenueZip":"","_VenuePhone":"","_VenueURL":"","_VenueStateProvince":"","_VenueLat":"","_VenueLng":"","_VenueShowMap":false,"_VenueShowMapLink":false,"footnotes":"","_links_to":"","_links_to_target":""},"categories":[1,20],"tags":[],"class_list":["post-2156","post","type-post","status-publish","format-standard","hentry","category-non-classe","category-informations-pratiques"],"_links":{"self":[{"href":"https:\/\/etab.ac-reunion.fr\/clg-chemin-morin\/wp-json\/wp\/v2\/posts\/2156","targetHints":{"allow":["GET"]}}],"collection":[{"href":"https:\/\/etab.ac-reunion.fr\/clg-chemin-morin\/wp-json\/wp\/v2\/posts"}],"about":[{"href":"https:\/\/etab.ac-reunion.fr\/clg-chemin-morin\/wp-json\/wp\/v2\/types\/post"}],"author":[{"embeddable":true,"href":"https:\/\/etab.ac-reunion.fr\/clg-chemin-morin\/wp-json\/wp\/v2\/users\/13978"}],"replies":[{"embeddable":true,"href":"https:\/\/etab.ac-reunion.fr\/clg-chemin-morin\/wp-json\/wp\/v2\/comments?post=2156"}],"version-history":[{"count":2,"href":"https:\/\/etab.ac-reunion.fr\/clg-chemin-morin\/wp-json\/wp\/v2\/posts\/2156\/revisions"}],"predecessor-version":[{"id":2166,"href":"https:\/\/etab.ac-reunion.fr\/clg-chemin-morin\/wp-json\/wp\/v2\/posts\/2156\/revisions\/2166"}],"wp:attachment":[{"href":"https:\/\/etab.ac-reunion.fr\/clg-chemin-morin\/wp-json\/wp\/v2\/media?parent=2156"}],"wp:term":[{"taxonomy":"category","embeddable":true,"href":"https:\/\/etab.ac-reunion.fr\/clg-chemin-morin\/wp-json\/wp\/v2\/categories?post=2156"},{"taxonomy":"post_tag","embeddable":true,"href":"https:\/\/etab.ac-reunion.fr\/clg-chemin-morin\/wp-json\/wp\/v2\/tags?post=2156"}],"curies":[{"name":"wp","href":"https:\/\/api.w.org\/{rel}","templated":true}]}}