{"id":2249,"date":"2022-08-16T08:50:26","date_gmt":"2022-08-16T04:50:26","guid":{"rendered":"http:\/\/college-chemin-morin.ac-reunion.fr\/?p=2249"},"modified":"2022-09-03T13:34:36","modified_gmt":"2022-09-03T09:34:36","slug":"deroulement-de-la-rentree-des-6e-2022-2023","status":"publish","type":"post","link":"https:\/\/etab.ac-reunion.fr\/clg-chemin-morin\/deroulement-de-la-rentree-des-6e-2022-2023\/","title":{"rendered":"D\u00e9roulement de la rentr\u00e9e des 6\u00e8 2022-2023"},"content":{"rendered":"\n<p>&#8211;\tAccueil des \u00e9l\u00e8ves au r\u00e9fectoire<br>&#8211;\tChaque professeur principal fait l\u2019appel de sa classe. Une fois la classe constitu\u00e9e, il se rend avec ses \u00e9l\u00e8ves dans sa salle<br>&#8211;\tLe professeur principal v\u00e9rifie l\u2019exactitude des informations de la liste d\u2019appel. <br>&#8211;\tIl distribue les carnets de liaison.<br>&#8211;\tIl lit et explique les points importants du r\u00e8glement int\u00e9rieur.<br>&#8211;\tIl donne l\u2019emploi du temps de la classe et la liste des enseignants constituant l\u2019\u00e9quipe p\u00e9dagogique.<br>&#8211;\tIl fait une visite du coll\u00e8ge.<br>&#8211;\tLes \u00e9l\u00e8ves demi-pensionnaires seront accueillis \u00e0 la cantine <br>&#8211;\tLes \u00e9l\u00e8ves externes devront \u00eatre r\u00e9cup\u00e9r\u00e9s \u00e0 11h50<br>&#8211;\tLa journ\u00e9e se terminera \u00e0 16h20<br>&#8211;\tLe transport sera assur\u00e9 <br><br><br>Coll\u00e8ge Morin <br><\/p>\n","protected":false},"excerpt":{"rendered":"<p>&#8211; Accueil des \u00e9l\u00e8ves au r\u00e9fectoire&#8211; Chaque professeur principal fait l\u2019appel de sa classe. Une fois la classe constitu\u00e9e, il se rend avec ses \u00e9l\u00e8ves dans sa salle&#8211; Le professeur [&hellip;]<\/p>\n","protected":false},"author":13978,"featured_media":0,"comment_status":"closed","ping_status":"open","sticky":false,"template":"","format":"standard","meta":{"_et_pb_use_builder":"","_et_pb_old_content":"","_et_gb_content_width":"","_EventAllDay":false,"_EventTimezone":"","_EventStartDate":"","_EventEndDate":"","_EventStartDateUTC":"","_EventEndDateUTC":"","_EventShowMap":false,"_EventShowMapLink":false,"_EventURL":"","_EventCost":"","_EventCostDescription":"","_EventCurrencySymbol":"","_EventCurrencyCode":"","_EventCurrencyPosition":"","_EventDateTimeSeparator":"","_EventTimeRangeSeparator":"","_EventOrganizerID":[],"_EventVenueID":[],"_OrganizerEmail":"","_OrganizerPhone":"","_OrganizerWebsite":"","_VenueAddress":"","_VenueCity":"","_VenueCountry":"","_VenueProvince":"","_VenueState":"","_VenueZip":"","_VenuePhone":"","_VenueURL":"","_VenueStateProvince":"","_VenueLat":"","_VenueLng":"","_VenueShowMap":false,"_VenueShowMapLink":false,"footnotes":"","_links_to":"","_links_to_target":""},"categories":[1,27,23,20],"tags":[],"class_list":["post-2249","post","type-post","status-publish","format-standard","hentry","category-non-classe","category-informations-diverses","category-informations-parents","category-informations-pratiques"],"_links":{"self":[{"href":"https:\/\/etab.ac-reunion.fr\/clg-chemin-morin\/wp-json\/wp\/v2\/posts\/2249","targetHints":{"allow":["GET"]}}],"collection":[{"href":"https:\/\/etab.ac-reunion.fr\/clg-chemin-morin\/wp-json\/wp\/v2\/posts"}],"about":[{"href":"https:\/\/etab.ac-reunion.fr\/clg-chemin-morin\/wp-json\/wp\/v2\/types\/post"}],"author":[{"embeddable":true,"href":"https:\/\/etab.ac-reunion.fr\/clg-chemin-morin\/wp-json\/wp\/v2\/users\/13978"}],"replies":[{"embeddable":true,"href":"https:\/\/etab.ac-reunion.fr\/clg-chemin-morin\/wp-json\/wp\/v2\/comments?post=2249"}],"version-history":[{"count":2,"href":"https:\/\/etab.ac-reunion.fr\/clg-chemin-morin\/wp-json\/wp\/v2\/posts\/2249\/revisions"}],"predecessor-version":[{"id":2253,"href":"https:\/\/etab.ac-reunion.fr\/clg-chemin-morin\/wp-json\/wp\/v2\/posts\/2249\/revisions\/2253"}],"wp:attachment":[{"href":"https:\/\/etab.ac-reunion.fr\/clg-chemin-morin\/wp-json\/wp\/v2\/media?parent=2249"}],"wp:term":[{"taxonomy":"category","embeddable":true,"href":"https:\/\/etab.ac-reunion.fr\/clg-chemin-morin\/wp-json\/wp\/v2\/categories?post=2249"},{"taxonomy":"post_tag","embeddable":true,"href":"https:\/\/etab.ac-reunion.fr\/clg-chemin-morin\/wp-json\/wp\/v2\/tags?post=2249"}],"curies":[{"name":"wp","href":"https:\/\/api.w.org\/{rel}","templated":true}]}}