{"id":2614,"date":"2022-09-22T14:48:55","date_gmt":"2022-09-22T10:48:55","guid":{"rendered":"https:\/\/etab.ac-reunion.fr\/clg-chemin-morin\/?p=2614"},"modified":"2022-09-22T15:41:00","modified_gmt":"2022-09-22T11:41:00","slug":"brochure-orientation-apres-la-3eme","status":"publish","type":"post","link":"https:\/\/etab.ac-reunion.fr\/clg-chemin-morin\/brochure-orientation-apres-la-3eme\/","title":{"rendered":"Brochure orientation apr\u00e8s la 3\u00e8me"},"content":{"rendered":"\n<p>Une brochure pour bien pr\u00e9parer son orientation, se poser les bonnes questions et d\u00e9couvrir de nouveaux parcours professionnels.<\/p>\n\n\n\n<p>Vous pouvez la t\u00e9l\u00e9charger !<\/p>\n\n\n\n<p><\/p>\n\n\n\n<p><\/p>\n\n\n\n<div data-wp-interactive=\"core\/file\" class=\"wp-block-file\"><object data-wp-bind--hidden=\"!state.hasPdfPreview\" hidden class=\"wp-block-file__embed\" data=\"https:\/\/etab.ac-reunion.fr\/clg-chemin-morin\/wp-content\/uploads\/sites\/38\/2022\/09\/orientanou_apres_la_3e_region_2022_17032022-1.pdf\" type=\"application\/pdf\" style=\"width:100%;height:600px\" aria-label=\"Contenu embarqu\u00e9 Contenu embarqu\u00e9 orientanou_apres_la_3e_region_2022_17032022-1..\"><\/object><a id=\"wp-block-file--media-dd27c703-83f0-4aa2-941b-137b512ac401\" href=\"https:\/\/etab.ac-reunion.fr\/clg-chemin-morin\/wp-content\/uploads\/sites\/38\/2022\/09\/orientanou_apres_la_3e_region_2022_17032022-1.pdf\" target=\"_blank\" rel=\"noreferrer noopener\">orientanou_apres_la_3e_region_2022_17032022-1<\/a><a href=\"https:\/\/etab.ac-reunion.fr\/clg-chemin-morin\/wp-content\/uploads\/sites\/38\/2022\/09\/orientanou_apres_la_3e_region_2022_17032022-1.pdf\" class=\"wp-block-file__button\" download aria-describedby=\"wp-block-file--media-dd27c703-83f0-4aa2-941b-137b512ac401\">T\u00e9l\u00e9charger<\/a><\/div>\n","protected":false},"excerpt":{"rendered":"<p>Une brochure pour bien pr\u00e9parer son orientation, se poser les bonnes questions et d\u00e9couvrir de nouveaux parcours professionnels. Vous pouvez la t\u00e9l\u00e9charger !<\/p>\n","protected":false},"author":32292,"featured_media":0,"comment_status":"closed","ping_status":"open","sticky":false,"template":"","format":"standard","meta":{"_et_pb_use_builder":"off","_et_pb_old_content":"<!-- wp:pdfemb\/pdf-embedder-viewer {\"pdfID\":2615,\"url\":\"https:\/\/etab.ac-reunion.fr\/clg-chemin-morin\/wp-content\/uploads\/sites\/38\/2022\/09\/orientanou_apres_la_3e_region_2022_17032022.pdf\"} -->\n<p class=\"wp-block-pdfemb-pdf-embedder-viewer\"><\/p>\n<!-- \/wp:pdfemb\/pdf-embedder-viewer -->\n\n<!-- wp:file {\"id\":2619,\"href\":\"https:\/\/etab.ac-reunion.fr\/clg-chemin-morin\/wp-content\/uploads\/sites\/38\/2022\/09\/orientanou_apres_la_3e_region_2022_17032022-1.pdf\",\"displayPreview\":true} -->\n<div class=\"wp-block-file\"><object class=\"wp-block-file__embed\" data=\"https:\/\/etab.ac-reunion.fr\/clg-chemin-morin\/wp-content\/uploads\/sites\/38\/2022\/09\/orientanou_apres_la_3e_region_2022_17032022-1.pdf\" type=\"application\/pdf\" style=\"width:100%;height:600px\" aria-label=\"Contenu embarqu\u00e9 orientanou_apres_la_3e_region_2022_17032022-1.\"><\/object><a id=\"wp-block-file--media-dd27c703-83f0-4aa2-941b-137b512ac401\" href=\"https:\/\/etab.ac-reunion.fr\/clg-chemin-morin\/wp-content\/uploads\/sites\/38\/2022\/09\/orientanou_apres_la_3e_region_2022_17032022-1.pdf\">orientanou_apres_la_3e_region_2022_17032022-1<\/a><a href=\"https:\/\/etab.ac-reunion.fr\/clg-chemin-morin\/wp-content\/uploads\/sites\/38\/2022\/09\/orientanou_apres_la_3e_region_2022_17032022-1.pdf\" class=\"wp-block-file__button\" download aria-describedby=\"wp-block-file--media-dd27c703-83f0-4aa2-941b-137b512ac401\">T\u00e9l\u00e9charger<\/a><\/div>\n<!-- \/wp:file -->","_et_gb_content_width":"","_EventAllDay":false,"_EventTimezone":"","_EventStartDate":"","_EventEndDate":"","_EventStartDateUTC":"","_EventEndDateUTC":"","_EventShowMap":false,"_EventShowMapLink":false,"_EventURL":"","_EventCost":"","_EventCostDescription":"","_EventCurrencySymbol":"","_EventCurrencyCode":"","_EventCurrencyPosition":"","_EventDateTimeSeparator":"","_EventTimeRangeSeparator":"","_EventOrganizerID":[],"_EventVenueID":[],"_OrganizerEmail":"","_OrganizerPhone":"","_OrganizerWebsite":"","_VenueAddress":"","_VenueCity":"","_VenueCountry":"","_VenueProvince":"","_VenueState":"","_VenueZip":"","_VenuePhone":"","_VenueURL":"","_VenueStateProvince":"","_VenueLat":"","_VenueLng":"","_VenueShowMap":false,"_VenueShowMapLink":false,"footnotes":"","_links_to":"","_links_to_target":""},"categories":[1],"tags":[],"class_list":["post-2614","post","type-post","status-publish","format-standard","hentry","category-non-classe"],"_links":{"self":[{"href":"https:\/\/etab.ac-reunion.fr\/clg-chemin-morin\/wp-json\/wp\/v2\/posts\/2614","targetHints":{"allow":["GET"]}}],"collection":[{"href":"https:\/\/etab.ac-reunion.fr\/clg-chemin-morin\/wp-json\/wp\/v2\/posts"}],"about":[{"href":"https:\/\/etab.ac-reunion.fr\/clg-chemin-morin\/wp-json\/wp\/v2\/types\/post"}],"author":[{"embeddable":true,"href":"https:\/\/etab.ac-reunion.fr\/clg-chemin-morin\/wp-json\/wp\/v2\/users\/32292"}],"replies":[{"embeddable":true,"href":"https:\/\/etab.ac-reunion.fr\/clg-chemin-morin\/wp-json\/wp\/v2\/comments?post=2614"}],"version-history":[{"count":9,"href":"https:\/\/etab.ac-reunion.fr\/clg-chemin-morin\/wp-json\/wp\/v2\/posts\/2614\/revisions"}],"predecessor-version":[{"id":2630,"href":"https:\/\/etab.ac-reunion.fr\/clg-chemin-morin\/wp-json\/wp\/v2\/posts\/2614\/revisions\/2630"}],"wp:attachment":[{"href":"https:\/\/etab.ac-reunion.fr\/clg-chemin-morin\/wp-json\/wp\/v2\/media?parent=2614"}],"wp:term":[{"taxonomy":"category","embeddable":true,"href":"https:\/\/etab.ac-reunion.fr\/clg-chemin-morin\/wp-json\/wp\/v2\/categories?post=2614"},{"taxonomy":"post_tag","embeddable":true,"href":"https:\/\/etab.ac-reunion.fr\/clg-chemin-morin\/wp-json\/wp\/v2\/tags?post=2614"}],"curies":[{"name":"wp","href":"https:\/\/api.w.org\/{rel}","templated":true}]}}