{"id":3330,"date":"2023-05-12T08:31:29","date_gmt":"2023-05-12T04:31:29","guid":{"rendered":"https:\/\/etab.ac-reunion.fr\/clg-chemin-morin\/?p=3330"},"modified":"2023-05-12T09:19:10","modified_gmt":"2023-05-12T05:19:10","slug":"le-theatre-fait-son-cinema","status":"publish","type":"post","link":"https:\/\/etab.ac-reunion.fr\/clg-chemin-morin\/le-theatre-fait-son-cinema\/","title":{"rendered":"LE TH\u00c9\u00c2TRE FAIT SON CIN\u00c9MA !"},"content":{"rendered":"[et_pb_section fb_built=\u00a0\u00bb1&Prime; theme_builder_area=\u00a0\u00bbpost_content\u00a0\u00bb _builder_version=\u00a0\u00bb4.20.4&Prime; _module_preset=\u00a0\u00bbdefault\u00a0\u00bb background_color=\u00a0\u00bbrgba(224,159,17,0.26)\u00a0\u00bb hover_enabled=\u00a0\u00bb0&Prime; sticky_enabled=\u00a0\u00bb0&Prime;][et_pb_row _builder_version=\u00a0\u00bb4.20.4&Prime; _module_preset=\u00a0\u00bbdefault\u00a0\u00bb column_structure=\u00a0\u00bb2_5,3_5&Prime; theme_builder_area=\u00a0\u00bbpost_content\u00a0\u00bb][et_pb_column _builder_version=\u00a0\u00bb4.20.4&Prime; _module_preset=\u00a0\u00bbdefault\u00a0\u00bb type=\u00a0\u00bb2_5&Prime; theme_builder_area=\u00a0\u00bbpost_content\u00a0\u00bb][et_pb_text _builder_version=\u00a0\u00bb4.20.4&Prime; _module_preset=\u00a0\u00bbdefault\u00a0\u00bb theme_builder_area=\u00a0\u00bbpost_content\u00a0\u00bb hover_enabled=\u00a0\u00bb0&Prime; sticky_enabled=\u00a0\u00bb0&Prime; custom_margin=\u00a0\u00bb|6px||12px|false|false\u00a0\u00bb]\n<p style=\"text-align: justify\">Le mardi <strong>9 mai 2023<\/strong>, les 403 et 406 se sont rendus \u00e0 Cambaie pour assister \u00e0 une projection de la pi\u00e8ce Rom\u00e9o et Juliette de Shakespeare, interpr\u00e9t\u00e9e par des acteurs \u00e0 La Com\u00e9die Fran\u00e7aise. Il ne s\u2019agissait pas d\u2019un film mais bel et bien d\u2019une pi\u00e8ce de th\u00e9\u00e2tre sur grand \u00e9cran\u00a0! Inscrit au programme de Fran\u00e7ais, ce classique de la trag\u00e9die amoureuse met en lumi\u00e8re la dualit\u00e9 des sentiments et la pression familiale qui p\u00e8se sur deux jeunes adolescents\u00a0! Le metteur en sc\u00e8ne a gard\u00e9 l\u2019essence m\u00eame de l\u2019histoire tout en lui apportant un regard neuf allant m\u00eame jusqu\u2019\u00e0 d\u00e9jouer les attentes du spectateur qui se fait donc surprendre.<\/p>\n<p style=\"text-align: justify\">Suite \u00e0 cette s\u00e9ance priv\u00e9e de 3h, nous avons pris la direction de l\u2019\u00c9tang Saint-Paul pour un pique-nique en toute convivialit\u00e9 dans la bonne humeur et ambiance\u00a0!<\/p>\n<p style=\"text-align: justify\">Merci \u00e0 Mme BELLEVILLE et Mme GRONDIN Jeannine de nous avoir accompagn\u00e9s.<\/p>\n<p style=\"text-align: center\"><strong>\u00a0\u00a0\u00a0\u00a0\u00a0\u00a0 Mesdames GOPAL PANON ET TANDRAYEN<\/strong><\/p>\n[\/et_pb_text][\/et_pb_column][et_pb_column _builder_version=\u00a0\u00bb4.20.4&Prime; _module_preset=\u00a0\u00bbdefault\u00a0\u00bb type=\u00a0\u00bb3_5&Prime; theme_builder_area=\u00a0\u00bbpost_content\u00a0\u00bb][et_pb_gallery _builder_version=\u00a0\u00bb4.20.4&Prime; _module_preset=\u00a0\u00bbdefault\u00a0\u00bb theme_builder_area=\u00a0\u00bbpost_content\u00a0\u00bb gallery_ids=\u00a0\u00bb3332,3333,3334,3335,3336&Prime; hover_enabled=\u00a0\u00bb0&Prime; sticky_enabled=\u00a0\u00bb0&Prime; custom_margin=\u00a0\u00bb|8px||8px|false|false\u00a0\u00bb][\/et_pb_gallery][et_pb_text _builder_version=\u00a0\u00bb4.20.4&Prime; _module_preset=\u00a0\u00bbdefault\u00a0\u00bb theme_builder_area=\u00a0\u00bbpost_content\u00a0\u00bb hover_enabled=\u00a0\u00bb0&Prime; sticky_enabled=\u00a0\u00bb0&Prime; custom_margin=\u00a0\u00bb|12px||8px|false|false\u00a0\u00bb]\n<p style=\"text-align: center\"><span style=\"color: #ff0000\"><strong>LEINA 406<\/strong><\/span><\/p>\n<p style=\"text-align: center\">Cette sortie avec la 403 \u00e9tait passionnante\u00a0:l\u2019histoire de deux amants n\u00e9s de familles oppos\u00e9es, destin\u00e9s \u00e0 s\u2019aimer, qui se sont mari\u00e9s en secret, ont eu une relation amoureuse mais surtout sont morts par amour. Cette histoire d\u00e9montre que \u00ab\u00a0par amour on peut tout faire\u00a0\u00bb et que \u00ab\u00a0l\u2019amour rend fou\u00a0\u00bb.<\/p>\n<p style=\"text-align: center\"><strong><span style=\"color: #ff0000\">NAEL 403<\/span><\/strong><\/p>\n<p style=\"text-align: center\">Sc\u00e8nes tr\u00e8s r\u00e9alistes surtout avec le d\u00e9cor, on ressentait la passion mais aussi la tristesse des personnages.<\/p>\n<p style=\"text-align: center\"><strong><span style=\"color: #ff0000\">EMMA 406<\/span><\/strong><\/p>\n<p style=\"text-align: center\">C\u2019\u00e9tait super d\u2019\u00eatre hors cadre scolaire et d\u2019avoir la sensation d\u2019\u00eatre des VIP avec une salle de cin\u00e9 rien que pour nous. J\u2019ai trouv\u00e9 le jeu des acteurs dr\u00f4le mais aussi triste \u00e0 la fin. J\u2019ai appr\u00e9ci\u00e9 pouvoir avoir acheter des friandises et bien manger le repas lors du pique-nique\u00a0!<\/p>\n<p style=\"text-align: center\"><strong><span style=\"color: #ff0000\">ALICIA 403<\/span><\/strong><\/p>\n<p style=\"text-align: center\">J\u2019ai bien aim\u00e9 le m\u00e9lange\u00a0 genre, drame, peur et l\u2019amour dans le regard de Rom\u00e9o et Juliette surtout au niveau de la sc\u00e8ne du balcon.<\/p>\n<p style=\"text-align: center\"><span style=\"color: #ff0000\"><strong>INSIA 406<\/strong><\/span><\/p>\n<p style=\"text-align: center\">Le personnage de Juliette diff\u00e8re de celui de la version originale. Ici, elle est plus d\u00e9jant\u00e9e, moins romantique que le personnage du livre. Tr\u00e8s bon jeu d\u2019acteurs. Journ\u00e9e m\u00e9morable au cin\u00e9 et \u00e0 l\u2019\u00c9tang. Merci Madame GOPAL PANON.<\/p>\n<p style=\"text-align: center\"><strong><span style=\"color: #ff0000\">SENTIMENTS GLOBAUX DES CLASSES:<\/span><\/strong><\/p>\n<p style=\"text-align: center\">Juliette est plus extravertie, semble plus enfantine et na\u00efve que Rom\u00e9o qui fait preuve de plus d\u2019assurance et plus de recul sur leur situation.<\/p>\n<p style=\"text-align: center\">Nous avons aim\u00e9 le fait de partager un moment \u00e0 la fois culturel et de d\u00e9tente. Nous aimerions avoir plus de sorties de ce genre. Cette journ\u00e9e \u00e9tait m\u00e9morable, dommage que le temps soit pass\u00e9 vite.<\/p>\n[\/et_pb_text][\/et_pb_column][\/et_pb_row][\/et_pb_section]\n","protected":false},"excerpt":{"rendered":"<p>Le mardi 9 mai 2023, les 403 et 406 se sont rendus \u00e0 Cambaie pour assister \u00e0 une projection de la pi\u00e8ce Rom\u00e9o et Juliette de Shakespeare, interpr\u00e9t\u00e9e par des [&hellip;]<\/p>\n","protected":false},"author":32292,"featured_media":0,"comment_status":"closed","ping_status":"open","sticky":false,"template":"","format":"standard","meta":{"_et_pb_use_builder":"on","_et_pb_old_content":"","_et_gb_content_width":"","_EventAllDay":false,"_EventTimezone":"","_EventStartDate":"","_EventEndDate":"","_EventStartDateUTC":"","_EventEndDateUTC":"","_EventShowMap":false,"_EventShowMapLink":false,"_EventURL":"","_EventCost":"","_EventCostDescription":"","_EventCurrencySymbol":"","_EventCurrencyCode":"","_EventCurrencyPosition":"","_EventDateTimeSeparator":"","_EventTimeRangeSeparator":"","_EventOrganizerID":[],"_EventVenueID":[0],"_OrganizerEmail":"","_OrganizerPhone":"","_OrganizerWebsite":"","_VenueAddress":"","_VenueCity":"","_VenueCountry":"","_VenueProvince":"","_VenueState":"","_VenueZip":"","_VenuePhone":"","_VenueURL":"","_VenueStateProvince":"","_VenueLat":"","_VenueLng":"","_VenueShowMap":false,"_VenueShowMapLink":false,"footnotes":"","_links_to":"","_links_to_target":""},"categories":[1],"tags":[],"class_list":["post-3330","post","type-post","status-publish","format-standard","hentry","category-non-classe"],"_links":{"self":[{"href":"https:\/\/etab.ac-reunion.fr\/clg-chemin-morin\/wp-json\/wp\/v2\/posts\/3330","targetHints":{"allow":["GET"]}}],"collection":[{"href":"https:\/\/etab.ac-reunion.fr\/clg-chemin-morin\/wp-json\/wp\/v2\/posts"}],"about":[{"href":"https:\/\/etab.ac-reunion.fr\/clg-chemin-morin\/wp-json\/wp\/v2\/types\/post"}],"author":[{"embeddable":true,"href":"https:\/\/etab.ac-reunion.fr\/clg-chemin-morin\/wp-json\/wp\/v2\/users\/32292"}],"replies":[{"embeddable":true,"href":"https:\/\/etab.ac-reunion.fr\/clg-chemin-morin\/wp-json\/wp\/v2\/comments?post=3330"}],"version-history":[{"count":2,"href":"https:\/\/etab.ac-reunion.fr\/clg-chemin-morin\/wp-json\/wp\/v2\/posts\/3330\/revisions"}],"predecessor-version":[{"id":3338,"href":"https:\/\/etab.ac-reunion.fr\/clg-chemin-morin\/wp-json\/wp\/v2\/posts\/3330\/revisions\/3338"}],"wp:attachment":[{"href":"https:\/\/etab.ac-reunion.fr\/clg-chemin-morin\/wp-json\/wp\/v2\/media?parent=3330"}],"wp:term":[{"taxonomy":"category","embeddable":true,"href":"https:\/\/etab.ac-reunion.fr\/clg-chemin-morin\/wp-json\/wp\/v2\/categories?post=3330"},{"taxonomy":"post_tag","embeddable":true,"href":"https:\/\/etab.ac-reunion.fr\/clg-chemin-morin\/wp-json\/wp\/v2\/tags?post=3330"}],"curies":[{"name":"wp","href":"https:\/\/api.w.org\/{rel}","templated":true}]}}