{"id":3343,"date":"2023-05-28T19:04:36","date_gmt":"2023-05-28T15:04:36","guid":{"rendered":"https:\/\/etab.ac-reunion.fr\/clg-chemin-morin\/?p=3343"},"modified":"2023-05-28T19:24:22","modified_gmt":"2023-05-28T15:24:22","slug":"c-genial","status":"publish","type":"post","link":"https:\/\/etab.ac-reunion.fr\/clg-chemin-morin\/c-genial\/","title":{"rendered":"C.G\u00e9nial"},"content":{"rendered":"[et_pb_section fb_built=\u00a0\u00bb1&Prime; _builder_version=\u00a0\u00bb4.21.0&Prime; _module_preset=\u00a0\u00bbdefault\u00a0\u00bb global_colors_info=\u00a0\u00bb{}\u00a0\u00bb][et_pb_row _builder_version=\u00a0\u00bb4.21.0&Prime; _module_preset=\u00a0\u00bbdefault\u00a0\u00bb global_colors_info=\u00a0\u00bb{}\u00a0\u00bb][et_pb_column type=\u00a0\u00bb4_4&Prime; _builder_version=\u00a0\u00bb4.21.0&Prime; _module_preset=\u00a0\u00bbdefault\u00a0\u00bb global_colors_info=\u00a0\u00bb{}\u00a0\u00bb][et_pb_text _builder_version=\u00a0\u00bb4.21.0&Prime; _module_preset=\u00a0\u00bbdefault\u00a0\u00bb global_colors_info=\u00a0\u00bb{}\u00a0\u00bb]\n<h1 style=\"text-align: center\">Concours CG\u00e9nial 2022 &#8211; 2023<\/h1>\n[\/et_pb_text][\/et_pb_column][\/et_pb_row][et_pb_row column_structure=\u00a0\u00bb3_5,2_5&Prime; _builder_version=\u00a0\u00bb4.21.0&Prime; _module_preset=\u00a0\u00bbdefault\u00a0\u00bb global_colors_info=\u00a0\u00bb{}\u00a0\u00bb][et_pb_column type=\u00a0\u00bb3_5&Prime; _builder_version=\u00a0\u00bb4.21.0&Prime; _module_preset=\u00a0\u00bbdefault\u00a0\u00bb global_colors_info=\u00a0\u00bb{}\u00a0\u00bb][et_pb_text _builder_version=\u00a0\u00bb4.21.0&Prime; _module_preset=\u00a0\u00bbdefault\u00a0\u00bb global_colors_info=\u00a0\u00bb{}\u00a0\u00bb]\n<p style=\"text-align: justify\">Tout au long de cette ann\u00e9e scolaire, les \u00e9l\u00e8ves de l\u2019atelier scientifique (anim\u00e9 par Mme MAILLOT, Mme PERON et Mme POUNIA) ont travaill\u00e9 sur le projet \u00ab\u00a0Fini le plastique\u00a0!\u00a0\u00bb dans le cadre du concours C.g\u00e9nial.<\/p>\n<p style=\"text-align: justify\">Ce concours met en avant les sciences, le travail en \u00e9quipe et les liens entre l\u2019\u00e9cole et l\u2019industrie.<\/p>\n<p style=\"text-align: justify\">\n<p style=\"text-align: justify\">Le mercredi 12 avril 2023, ils ont remport\u00e9 la finale acad\u00e9mique du concours qui a eu lieu au lyc\u00e9e Evariste de Parny \u00e0 St Paul (<a href=\"https:\/\/pedagogie.ac-reunion.fr\/spc\/concours\/concours-eleves\/cgenial\/2023-cgenial-finale.html\">Site de Sciences Physiques et Chimiques<\/a>).<\/p>\n<p style=\"text-align: justify\">Pour les r\u00e9compenser de leur investissement et de leur victoire, ils ont visit\u00e9 l\u2019Aquarium de St Gilles et se sont vus offerts des tablettes\u00a0!<\/p>\n<p style=\"text-align: justify\">\n<p style=\"text-align: justify\"><span style=\"color: #008080\"><strong><u>T\u00e9moignages de quelques \u00e9l\u00e8ves\u00a0:<\/u><\/strong><\/span><\/p>\n<p style=\"text-align: justify\"><u>Alicia 605\u00a0:<\/u> \u00ab\u00a0C\u2019\u00e9tait tr\u00e8s chouette, m\u00eame si au d\u00e9but du concours j\u2019\u00e9tais stress\u00e9e. Mais j\u2019\u00e9tais contente quand on m\u2019a annonc\u00e9 qu\u2019on avait gagn\u00e9. L\u2019aquarium \u00e9tait tr\u00e8s amusant, j\u2019ai vu des choses sp\u00e9ciales. La tablette est vraiment g\u00e9niale.\u00a0\u00bb<\/p>\n<p style=\"text-align: justify\"><span style=\"color: #008080\"><strong><u>Alexandre 405\u00a0:<\/u> <\/strong><\/span>\u00ab\u00a0C\u2019\u00e9tait bien amusant de participer au concours C.g\u00e9nial. Je me suis bien amus\u00e9, je suis content d\u2019avoir gagn\u00e9. L\u2019apr\u00e8s midi \u00e0 l\u2019aquarium \u00e9tait amusant. La tablette est chouette.\u00a0\u00bb<\/p>\n<p style=\"text-align: justify\"><strong><span style=\"color: #008080\"><u>L\u00e9ny 405\u00a0:<\/u> <\/span><\/strong>\u00ab\u00a0J\u2019ai ador\u00e9 la sortie, que ce soit l\u2019aquarium ou le fait de pr\u00e9senter le projet\u00a0: c\u2019\u00e9tait g\u00e9nial\u00a0! Mais j\u2019ai surtout aim\u00e9 participer tout au long de l\u2019ann\u00e9e.\u00a0\u00bb<\/p>\n<p style=\"text-align: justify\"><span style=\"color: #008080\"><strong><u>Arthur 505\u00a0:<\/u> <\/strong><\/span>\u00ab\u00a0On est all\u00e9 pr\u00e9senter notre projet aux jurys, ils nous ont pos\u00e9 quelques questions. Je n\u2019ai pas compris tout de suite qu\u2019on avait gagn\u00e9. On est all\u00e9 voir plein de poissons \u00e0 l\u2019aquarium. J\u2019ai pass\u00e9 un bon moment.\u00a0\u00bb<\/p>\n<p style=\"text-align: justify\"><span style=\"color: #008080\"><strong><u>Aur\u00e9lien 506\u00a0:<\/u><\/strong><\/span> \u00ab\u00a0C\u2019\u00e9tait une tr\u00e8s bonne exp\u00e9rience, on a rencontr\u00e9 les personnes qui ont fond\u00e9 le concours C.g\u00e9nial. Au moment de pr\u00e9senter l\u2019expos\u00e9 j\u2019\u00e9tais stress\u00e9, mais je trouve qu\u2019on s\u2019est bien d\u00e9brouill\u00e9s. Ensuite on est parti \u00e0 l\u2019aquarium, c\u2019\u00e9tait tr\u00e8s instructif et cool. Je dis merci \u00e0 Mme MAILLOT et Mme PERON.\u00a0\u00bb<\/p>\n<p style=\"text-align: justify\"><span style=\"color: #008080\"><strong><u>M\u00e9lida 605\u00a0:<\/u> <\/strong><\/span>\u00ab\u00a0C\u2019\u00e9tait une journ\u00e9e remplie de joie et de stress. J\u2019ai beaucoup aim\u00e9 faire ce projet scientifique car \u00e7a m\u2019a beaucoup appris. Pouvoir pr\u00e9senter ce projet pour notre coll\u00e8ge \u00e9tait une grande joie.\u00a0\u00bb<\/p>\n<p style=\"text-align: justify\">\n<p style=\"text-align: justify\">Le projet s\u2019est qualifi\u00e9 pour la finale nationale <strong><u>qui aura lieu le mercredi 31 mai 2023<\/u><\/strong> et 3 \u00e9l\u00e8ves auront la chance de partir \u00e0 Paris pour repr\u00e9senter la R\u00e9union.<\/p>\n<p style=\"text-align: justify\">Vous pouvez retrouver leur projet (et les projets concurrents) \u00e0 l\u2019adresse suivante\u00a0: <a href=\"https:\/\/www.sciencesalecole.org\/finale-nationale-du-concours-c-genial-finalistes\/#1681380516162-003259d5-abf9\">Site de Sciences \u00e0 l\u2019\u00e9cole<\/a>.<\/p>\n<p style=\"text-align: justify\">\n<p style=\"text-align: justify\"><strong><u>L<\/u><\/strong><strong><u>a finale du concours CG\u00e9nial sera diffus\u00e9e en direct sur une cha\u00eene de t\u00e9l\u00e9vision nationale<\/u><\/strong> : <a href=\"https:\/\/lespritsorcier.tv\/\">l&rsquo;Esprit sorcier TV<\/a>, dont l&rsquo;un des cr\u00e9ateurs est le tr\u00e8s c\u00e9l\u00e8bre Fred de l\u2019\u00e9mission \u00ab\u00a0C&rsquo;est pas sorcier\u00a0\u00bb diffus\u00e9e sur France t\u00e9l\u00e9vision et dans de nombreuses salles de classe. La finale pourra \u00eatre visible en direct \u00e0 partir de 19h sur leur cha\u00eene <a href=\"https:\/\/www.youtube.com\/@LEspritSorcierOfficiel\">Youtube<\/a>, mais aussi sur les d\u00e9codeurs TV Orange (canal 111), Free (canal 220) et Bouygues (canal 122).<\/p>\n<p style=\"text-align: justify\">\n<p style=\"text-align: justify\">\n<p style=\"text-align: justify\">[\/et_pb_text][\/et_pb_column][et_pb_column type=\u00a0\u00bb2_5&Prime; _builder_version=\u00a0\u00bb4.21.0&Prime; _module_preset=\u00a0\u00bbdefault\u00a0\u00bb global_colors_info=\u00a0\u00bb{}\u00a0\u00bb][et_pb_gallery gallery_ids=\u00a0\u00bb3345,3346,3347,3348,3349&Prime; _builder_version=\u00a0\u00bb4.21.0&Prime; _module_preset=\u00a0\u00bbdefault\u00a0\u00bb global_colors_info=\u00a0\u00bb{}\u00a0\u00bb][\/et_pb_gallery][et_pb_button button_text=\u00a0\u00bbRetour EDD\u00a0\u00bb _builder_version=\u00a0\u00bb4.21.0&Prime; _module_preset=\u00a0\u00bbdefault\u00a0\u00bb custom_button=\u00a0\u00bbon\u00a0\u00bb button_text_color=\u00a0\u00bb#1daa32&Prime; button_border_width=\u00a0\u00bb11px\u00a0\u00bb custom_margin=\u00a0\u00bb|||86px|false|false\u00a0\u00bb hover_enabled=\u00a0\u00bb0&Prime; global_colors_info=\u00a0\u00bb{}\u00a0\u00bb button_url=\u00a0\u00bbhttps:\/\/etab.ac-reunion.fr\/clg-chemin-morin\/e-d-d\/\u00a0\u00bb sticky_enabled=\u00a0\u00bb0&Prime;][\/et_pb_button][\/et_pb_column][\/et_pb_row][\/et_pb_section]\n","protected":false},"excerpt":{"rendered":"<p>Concours CG\u00e9nial 2022 &#8211; 2023Tout au long de cette ann\u00e9e scolaire, les \u00e9l\u00e8ves de l\u2019atelier scientifique (anim\u00e9 par Mme MAILLOT, Mme PERON et Mme POUNIA) ont travaill\u00e9 sur le projet [&hellip;]<\/p>\n","protected":false},"author":32292,"featured_media":0,"comment_status":"closed","ping_status":"open","sticky":false,"template":"","format":"standard","meta":{"_et_pb_use_builder":"on","_et_pb_old_content":"","_et_gb_content_width":"","_EventAllDay":false,"_EventTimezone":"","_EventStartDate":"","_EventEndDate":"","_EventStartDateUTC":"","_EventEndDateUTC":"","_EventShowMap":false,"_EventShowMapLink":false,"_EventURL":"","_EventCost":"","_EventCostDescription":"","_EventCurrencySymbol":"","_EventCurrencyCode":"","_EventCurrencyPosition":"","_EventDateTimeSeparator":"","_EventTimeRangeSeparator":"","_EventOrganizerID":[],"_EventVenueID":[0],"_OrganizerEmail":"","_OrganizerPhone":"","_OrganizerWebsite":"","_VenueAddress":"","_VenueCity":"","_VenueCountry":"","_VenueProvince":"","_VenueState":"","_VenueZip":"","_VenuePhone":"","_VenueURL":"","_VenueStateProvince":"","_VenueLat":"","_VenueLng":"","_VenueShowMap":false,"_VenueShowMapLink":false,"footnotes":"","_links_to":"","_links_to_target":""},"categories":[1],"tags":[],"class_list":["post-3343","post","type-post","status-publish","format-standard","hentry","category-non-classe"],"_links":{"self":[{"href":"https:\/\/etab.ac-reunion.fr\/clg-chemin-morin\/wp-json\/wp\/v2\/posts\/3343","targetHints":{"allow":["GET"]}}],"collection":[{"href":"https:\/\/etab.ac-reunion.fr\/clg-chemin-morin\/wp-json\/wp\/v2\/posts"}],"about":[{"href":"https:\/\/etab.ac-reunion.fr\/clg-chemin-morin\/wp-json\/wp\/v2\/types\/post"}],"author":[{"embeddable":true,"href":"https:\/\/etab.ac-reunion.fr\/clg-chemin-morin\/wp-json\/wp\/v2\/users\/32292"}],"replies":[{"embeddable":true,"href":"https:\/\/etab.ac-reunion.fr\/clg-chemin-morin\/wp-json\/wp\/v2\/comments?post=3343"}],"version-history":[{"count":5,"href":"https:\/\/etab.ac-reunion.fr\/clg-chemin-morin\/wp-json\/wp\/v2\/posts\/3343\/revisions"}],"predecessor-version":[{"id":3356,"href":"https:\/\/etab.ac-reunion.fr\/clg-chemin-morin\/wp-json\/wp\/v2\/posts\/3343\/revisions\/3356"}],"wp:attachment":[{"href":"https:\/\/etab.ac-reunion.fr\/clg-chemin-morin\/wp-json\/wp\/v2\/media?parent=3343"}],"wp:term":[{"taxonomy":"category","embeddable":true,"href":"https:\/\/etab.ac-reunion.fr\/clg-chemin-morin\/wp-json\/wp\/v2\/categories?post=3343"},{"taxonomy":"post_tag","embeddable":true,"href":"https:\/\/etab.ac-reunion.fr\/clg-chemin-morin\/wp-json\/wp\/v2\/tags?post=3343"}],"curies":[{"name":"wp","href":"https:\/\/api.w.org\/{rel}","templated":true}]}}