{"id":646,"date":"2015-11-02T20:31:15","date_gmt":"2015-11-02T16:31:15","guid":{"rendered":"http:\/\/college-chemin-morin.ac-reunion.fr\/?p=646"},"modified":"2018-02-15T10:24:12","modified_gmt":"2018-02-15T06:24:12","slug":"le-fonds-social-collegien-et-le-fonds-social-cantine","status":"publish","type":"post","link":"https:\/\/etab.ac-reunion.fr\/clg-chemin-morin\/le-fonds-social-collegien-et-le-fonds-social-cantine\/","title":{"rendered":"Le fonds social coll\u00e9gien et le fonds social cantine"},"content":{"rendered":"<h3>Qu\u2019est ce que c\u2019est\u00a0?<\/h3>\n<p>Ces fonds sont des aides destin\u00e9es \u00e0 faire face aux difficult\u00e9s financi\u00e8res des familles concernant les d\u00e9penses li\u00e9es \u00e0 la scolarit\u00e9 de leur enfant (Demi-pension, manuels scolaires, fournitures scolaires, transport scolaire etc)<\/p>\n<h3>Comment constituer une demande\u00a0?<\/h3>\n<p>La demande est \u00e0 constituer aupr\u00e8s de l\u2019Assistante de Service Social<\/p>\n<h3>Quelles sont les pi\u00e8ces n\u00e9cessaires \u00e0 la constitution du dossier\u00a0?<\/h3>\n<ul>\n<li>Livret de famille<\/li>\n<li>Justificatif(s) des ressources familiales (bulletin de salaire, indemnisation du P\u00f4le Emploi, notification de la Caisse d\u2019Allocation Familiales etc.)<\/li>\n<li>Charges (quittance de loyer, factures eau\/\u00e9lectricit\u00e9\/t\u00e9l\u00e9phone, cr\u00e9dits etc.)<\/li>\n<li>Une facture pro forma pour une demande de v\u00eatements<\/li>\n<\/ul>\n","protected":false},"excerpt":{"rendered":"<p>Qu\u2019est ce que c\u2019est\u00a0? Ces fonds sont des aides destin\u00e9es \u00e0 faire face aux difficult\u00e9s financi\u00e8res des familles concernant les d\u00e9penses li\u00e9es \u00e0 la scolarit\u00e9 de leur enfant (Demi-pension, manuels [&hellip;]<\/p>\n","protected":false},"author":178,"featured_media":444,"comment_status":"closed","ping_status":"open","sticky":false,"template":"","format":"standard","meta":{"_et_pb_use_builder":"","_et_pb_old_content":"","_et_gb_content_width":"","_EventAllDay":false,"_EventTimezone":"","_EventStartDate":"","_EventEndDate":"","_EventStartDateUTC":"","_EventEndDateUTC":"","_EventShowMap":false,"_EventShowMapLink":false,"_EventURL":"","_EventCost":"","_EventCostDescription":"","_EventCurrencySymbol":"","_EventCurrencyCode":"","_EventCurrencyPosition":"","_EventDateTimeSeparator":"","_EventTimeRangeSeparator":"","_EventOrganizerID":[],"_EventVenueID":[],"_OrganizerEmail":"","_OrganizerPhone":"","_OrganizerWebsite":"","_VenueAddress":"","_VenueCity":"","_VenueCountry":"","_VenueProvince":"","_VenueState":"","_VenueZip":"","_VenuePhone":"","_VenueURL":"","_VenueStateProvince":"","_VenueLat":"","_VenueLng":"","_VenueShowMap":false,"_VenueShowMapLink":false,"footnotes":"","_links_to":"","_links_to_target":""},"categories":[20,9],"tags":[],"class_list":["post-646","post","type-post","status-publish","format-standard","has-post-thumbnail","hentry","category-informations-pratiques","category-sante"],"_links":{"self":[{"href":"https:\/\/etab.ac-reunion.fr\/clg-chemin-morin\/wp-json\/wp\/v2\/posts\/646","targetHints":{"allow":["GET"]}}],"collection":[{"href":"https:\/\/etab.ac-reunion.fr\/clg-chemin-morin\/wp-json\/wp\/v2\/posts"}],"about":[{"href":"https:\/\/etab.ac-reunion.fr\/clg-chemin-morin\/wp-json\/wp\/v2\/types\/post"}],"author":[{"embeddable":true,"href":"https:\/\/etab.ac-reunion.fr\/clg-chemin-morin\/wp-json\/wp\/v2\/users\/178"}],"replies":[{"embeddable":true,"href":"https:\/\/etab.ac-reunion.fr\/clg-chemin-morin\/wp-json\/wp\/v2\/comments?post=646"}],"version-history":[{"count":1,"href":"https:\/\/etab.ac-reunion.fr\/clg-chemin-morin\/wp-json\/wp\/v2\/posts\/646\/revisions"}],"predecessor-version":[{"id":647,"href":"https:\/\/etab.ac-reunion.fr\/clg-chemin-morin\/wp-json\/wp\/v2\/posts\/646\/revisions\/647"}],"wp:featuredmedia":[{"embeddable":true,"href":"https:\/\/etab.ac-reunion.fr\/clg-chemin-morin\/wp-json\/wp\/v2\/media\/444"}],"wp:attachment":[{"href":"https:\/\/etab.ac-reunion.fr\/clg-chemin-morin\/wp-json\/wp\/v2\/media?parent=646"}],"wp:term":[{"taxonomy":"category","embeddable":true,"href":"https:\/\/etab.ac-reunion.fr\/clg-chemin-morin\/wp-json\/wp\/v2\/categories?post=646"},{"taxonomy":"post_tag","embeddable":true,"href":"https:\/\/etab.ac-reunion.fr\/clg-chemin-morin\/wp-json\/wp\/v2\/tags?post=646"}],"curies":[{"name":"wp","href":"https:\/\/api.w.org\/{rel}","templated":true}]}}