{"id":812,"date":"2017-12-21T14:43:59","date_gmt":"2017-12-21T10:43:59","guid":{"rendered":"http:\/\/college-chemin-morin.ac-reunion.fr\/?p=812"},"modified":"2018-04-11T21:44:49","modified_gmt":"2018-04-11T17:44:49","slug":"journee-du-jeudi-21-12-2017","status":"publish","type":"post","link":"https:\/\/etab.ac-reunion.fr\/clg-chemin-morin\/journee-du-jeudi-21-12-2017\/","title":{"rendered":"Journ\u00e9e du jeudi 21\/12\/2017"},"content":{"rendered":"<p>11H00 : spectacle sur le th\u00e8me de l\u2019abolition de l\u2019esclavage, sous la forme de 3 tableaux<br \/>\n&#8211; Un tableau africain<br \/>\n&#8211; Une marche des esclaves<br \/>\n&#8211; La proclamation de l\u2019abolition de l\u2019esclavage et le maloya final (avec la participation du groupe KILTIR)<br \/>\n13H20-15H15 : Les \u00e9l\u00e8ves de 4eme, ainsi que ceux de 301 et 606, assistent au gymnase, \u00e0 une repr\u00e9sentation d\u2019instruments traditionnels et une d\u00e9monstration de moringue assurez par une association.<br \/>\n15H30- 16H20 : concert dans la cour du coll\u00e8ge.<\/p>\n","protected":false},"excerpt":{"rendered":"<p>11H00 : spectacle sur le th\u00e8me de l\u2019abolition de l\u2019esclavage, sous la forme de 3 tableaux &#8211; Un tableau africain &#8211; Une marche des esclaves &#8211; La proclamation de l\u2019abolition [&hellip;]<\/p>\n","protected":false},"author":13978,"featured_media":0,"comment_status":"closed","ping_status":"open","sticky":false,"template":"","format":"standard","meta":{"_et_pb_use_builder":"","_et_pb_old_content":"","_et_gb_content_width":"","_EventAllDay":false,"_EventTimezone":"","_EventStartDate":"","_EventEndDate":"","_EventStartDateUTC":"","_EventEndDateUTC":"","_EventShowMap":false,"_EventShowMapLink":false,"_EventURL":"","_EventCost":"","_EventCostDescription":"","_EventCurrencySymbol":"","_EventCurrencyCode":"","_EventCurrencyPosition":"","_EventDateTimeSeparator":"","_EventTimeRangeSeparator":"","_EventOrganizerID":[],"_EventVenueID":[],"_OrganizerEmail":"","_OrganizerPhone":"","_OrganizerWebsite":"","_VenueAddress":"","_VenueCity":"","_VenueCountry":"","_VenueProvince":"","_VenueState":"","_VenueZip":"","_VenuePhone":"","_VenueURL":"","_VenueStateProvince":"","_VenueLat":"","_VenueLng":"","_VenueShowMap":false,"_VenueShowMapLink":false,"footnotes":"","_links_to":"","_links_to_target":""},"categories":[1,20],"tags":[],"class_list":["post-812","post","type-post","status-publish","format-standard","hentry","category-non-classe","category-informations-pratiques"],"_links":{"self":[{"href":"https:\/\/etab.ac-reunion.fr\/clg-chemin-morin\/wp-json\/wp\/v2\/posts\/812","targetHints":{"allow":["GET"]}}],"collection":[{"href":"https:\/\/etab.ac-reunion.fr\/clg-chemin-morin\/wp-json\/wp\/v2\/posts"}],"about":[{"href":"https:\/\/etab.ac-reunion.fr\/clg-chemin-morin\/wp-json\/wp\/v2\/types\/post"}],"author":[{"embeddable":true,"href":"https:\/\/etab.ac-reunion.fr\/clg-chemin-morin\/wp-json\/wp\/v2\/users\/13978"}],"replies":[{"embeddable":true,"href":"https:\/\/etab.ac-reunion.fr\/clg-chemin-morin\/wp-json\/wp\/v2\/comments?post=812"}],"version-history":[{"count":2,"href":"https:\/\/etab.ac-reunion.fr\/clg-chemin-morin\/wp-json\/wp\/v2\/posts\/812\/revisions"}],"predecessor-version":[{"id":1022,"href":"https:\/\/etab.ac-reunion.fr\/clg-chemin-morin\/wp-json\/wp\/v2\/posts\/812\/revisions\/1022"}],"wp:attachment":[{"href":"https:\/\/etab.ac-reunion.fr\/clg-chemin-morin\/wp-json\/wp\/v2\/media?parent=812"}],"wp:term":[{"taxonomy":"category","embeddable":true,"href":"https:\/\/etab.ac-reunion.fr\/clg-chemin-morin\/wp-json\/wp\/v2\/categories?post=812"},{"taxonomy":"post_tag","embeddable":true,"href":"https:\/\/etab.ac-reunion.fr\/clg-chemin-morin\/wp-json\/wp\/v2\/tags?post=812"}],"curies":[{"name":"wp","href":"https:\/\/api.w.org\/{rel}","templated":true}]}}