{"id":906,"date":"2018-02-15T11:50:45","date_gmt":"2018-02-15T07:50:45","guid":{"rendered":"http:\/\/college-chemin-morin.ac-reunion.fr\/?p=906"},"modified":"2018-02-15T11:50:45","modified_gmt":"2018-02-15T07:50:45","slug":"la-bande-dessinee-cet-outil-pedagogique-dans-le-jir","status":"publish","type":"post","link":"https:\/\/etab.ac-reunion.fr\/clg-chemin-morin\/la-bande-dessinee-cet-outil-pedagogique-dans-le-jir\/","title":{"rendered":"\u00ab\u00a0La bande dessin\u00e9e , cet outil p\u00e9dagogique\u00a0\u00bb dans le JIR"},"content":{"rendered":"<p>Le coll\u00e8ge a organis\u00e9, durant la semaine du 27 novembre au 1er d\u00e9cembre 2017, sa premi\u00e8re semaine de la bande dessin\u00e9e, intitul\u00e9e \u00ab\u00a0Des bulles \u00e0 Morin\u00a0\u00bb.<\/p>\n<p>Une exposition de planches originales et une exposition sur le th\u00e8me du marronnage ont \u00e9t\u00e9 install\u00e9es au CDI.<\/p>\n<p>Les \u00e9l\u00e8ves ont pu rencontrer des auteurs, sc\u00e9naristes et dessinateurs de bande dessin\u00e9e.<\/p>\n<p>Le mercredi 29 novembre, Sabine THIREL a ouvert le bal avec les 608, les 602, les 502 et les 607 en leur faisant d\u00e9couvrir son album \u00ab\u00a0Jaya\u00a0\u00bb sur le th\u00e8me de l&rsquo;engagisme indien.<\/p>\n<p>Puis, jeudi 30 novembre, les 402 et 403 ont dessin\u00e9 avec POV sur la th\u00e9matique du cyberharc\u00e8lement. Les 307 et 308 ont rencontr\u00e9 Olivier TROTIGNON, pour parler de \u00ab\u00a0Loli\u00a0\u00bb, album qui raconte l&rsquo;enfance de sa compagne.<\/p>\n<p>Vendredi 1er d\u00e9cembre, S\u00e9bastien GANNAT a retrac\u00e9 avec les 503, 304 et 606 l&rsquo;histoire de la r\u00e9alisation de son album \u00ab\u00a0L&rsquo;H\u00e9r\u00e9tique\u00a0\u00bb. Denis VIERGE a ensuite partag\u00e9 sa passion du dessin avec les 401 et les 402 autour de sa s\u00e9rie \u00ab\u00a0Un marron\u00a0\u00bb, qui aborde le th\u00e8me du marronnage \u00e0 la R\u00e9union. Enfin, Patrice BAVOILLOT, accompagn\u00e9 de son dessinateur, Afif BEN HAMIDA, a \u00e9chang\u00e9 avec les 305 autour du travail de sc\u00e9nariste et de la collaboration entre sc\u00e9nariste et dessinateur.<\/p>\n<p>Dans le cadre de cette semaine, des classes des coll\u00e8ges Mille Roches et Joseph B\u00e9dier, ainsi que de l&rsquo;\u00e9cole Sainte-Genevi\u00e8ve nous ont rendu visite et ont pu rencontrer Afif BEN HAMIDA qui leur a pr\u00e9sent\u00e9 la bande dessin\u00e9e et propos\u00e9 un atelier pratique.<\/p>\n<p>Le JIR nous a accord\u00e9 un article dans ses pages du dimanche 3 d\u00e9cembre 2017 : <a href=\"https:\/\/www.clicanoo.re\/Societe\/Article\/2017\/12\/03\/La-bande-dessinee-cet-outil-pedagogique_503754\">https:\/\/www.clicanoo.re\/Societe\/Article\/2017\/12\/03\/La-bande-dessinee-cet-outil-pedagogique_503754<\/a><\/p>\n","protected":false},"excerpt":{"rendered":"<p>Le coll\u00e8ge a organis\u00e9, durant la semaine du 27 novembre au 1er d\u00e9cembre 2017, sa premi\u00e8re semaine de la bande dessin\u00e9e, intitul\u00e9e \u00ab\u00a0Des bulles \u00e0 Morin\u00a0\u00bb. Une exposition de planches [&hellip;]<\/p>\n","protected":false},"author":178,"featured_media":0,"comment_status":"closed","ping_status":"open","sticky":false,"template":"","format":"standard","meta":{"_et_pb_use_builder":"","_et_pb_old_content":"","_et_gb_content_width":"","_EventAllDay":false,"_EventTimezone":"","_EventStartDate":"","_EventEndDate":"","_EventStartDateUTC":"","_EventEndDateUTC":"","_EventShowMap":false,"_EventShowMapLink":false,"_EventURL":"","_EventCost":"","_EventCostDescription":"","_EventCurrencySymbol":"","_EventCurrencyCode":"","_EventCurrencyPosition":"","_EventDateTimeSeparator":"","_EventTimeRangeSeparator":"","_EventOrganizerID":[],"_EventVenueID":[],"_OrganizerEmail":"","_OrganizerPhone":"","_OrganizerWebsite":"","_VenueAddress":"","_VenueCity":"","_VenueCountry":"","_VenueProvince":"","_VenueState":"","_VenueZip":"","_VenuePhone":"","_VenueURL":"","_VenueStateProvince":"","_VenueLat":"","_VenueLng":"","_VenueShowMap":false,"_VenueShowMapLink":false,"footnotes":"","_links_to":"","_links_to_target":""},"categories":[16],"tags":[],"class_list":["post-906","post","type-post","status-publish","format-standard","hentry","category-vie-du-college"],"_links":{"self":[{"href":"https:\/\/etab.ac-reunion.fr\/clg-chemin-morin\/wp-json\/wp\/v2\/posts\/906","targetHints":{"allow":["GET"]}}],"collection":[{"href":"https:\/\/etab.ac-reunion.fr\/clg-chemin-morin\/wp-json\/wp\/v2\/posts"}],"about":[{"href":"https:\/\/etab.ac-reunion.fr\/clg-chemin-morin\/wp-json\/wp\/v2\/types\/post"}],"author":[{"embeddable":true,"href":"https:\/\/etab.ac-reunion.fr\/clg-chemin-morin\/wp-json\/wp\/v2\/users\/178"}],"replies":[{"embeddable":true,"href":"https:\/\/etab.ac-reunion.fr\/clg-chemin-morin\/wp-json\/wp\/v2\/comments?post=906"}],"version-history":[{"count":3,"href":"https:\/\/etab.ac-reunion.fr\/clg-chemin-morin\/wp-json\/wp\/v2\/posts\/906\/revisions"}],"predecessor-version":[{"id":909,"href":"https:\/\/etab.ac-reunion.fr\/clg-chemin-morin\/wp-json\/wp\/v2\/posts\/906\/revisions\/909"}],"wp:attachment":[{"href":"https:\/\/etab.ac-reunion.fr\/clg-chemin-morin\/wp-json\/wp\/v2\/media?parent=906"}],"wp:term":[{"taxonomy":"category","embeddable":true,"href":"https:\/\/etab.ac-reunion.fr\/clg-chemin-morin\/wp-json\/wp\/v2\/categories?post=906"},{"taxonomy":"post_tag","embeddable":true,"href":"https:\/\/etab.ac-reunion.fr\/clg-chemin-morin\/wp-json\/wp\/v2\/tags?post=906"}],"curies":[{"name":"wp","href":"https:\/\/api.w.org\/{rel}","templated":true}]}}