{"id":927,"date":"2018-02-23T10:27:17","date_gmt":"2018-02-23T06:27:17","guid":{"rendered":"http:\/\/college-chemin-morin.ac-reunion.fr\/?p=927"},"modified":"2018-02-26T08:59:56","modified_gmt":"2018-02-26T04:59:56","slug":"le-diplome-national-du-brevet","status":"publish","type":"post","link":"https:\/\/etab.ac-reunion.fr\/clg-chemin-morin\/le-diplome-national-du-brevet\/","title":{"rendered":"Le Dipl\u00f4me national du Brevet"},"content":{"rendered":"<p>Le Dipl\u00f4me national du Brevet atteste des connaissances et comp\u00e9tences acquises en fin de coll\u00e8ge. Il n&rsquo;est pas obligatoire d&rsquo;\u00eatre admis au Brevet pour acc\u00e9der \u00e0 une classe sup\u00e9rieure en fin de troisi\u00e8me.<\/p>\n<p>Le dipl\u00f4me national du brevet comporte deux s\u00e9ries\u00a0: la s\u00e9rie g\u00e9n\u00e9rale et la s\u00e9rie professionnelle.<\/p>\n<ul>\n<li>Les candidats des classes de troisi\u00e8me de coll\u00e8ge se pr\u00e9sentent en s\u00e9rie g\u00e9n\u00e9rale.<\/li>\n<li>Les candidats qui b\u00e9n\u00e9ficient de dispositifs particuliers, tels que 3e pr\u00e9pa-pro, SEGPA ou ULIS, ont le choix de se pr\u00e9senter \u00e0 la s\u00e9rie g\u00e9n\u00e9rale ou \u00e0 la s\u00e9rie professionnelle.<\/li>\n<\/ul>\n<p>Pour les candidats scolaires, l&rsquo;obtention du Dipl\u00f4me national du Brevet (DNB) repose sur l&rsquo;\u00e9valuation du socle commun et cinq \u00e9preuves obligatoires pass\u00e9es en fin du cycle 4 (classe de troisi\u00e8me).<\/p>\n<h3>L&rsquo;\u00e9valuation du socle commun :<\/h3>\n<p>Le socle commun de connaissances, de comp\u00e9tences et de culture, c&rsquo;est ce qu&rsquo;un \u00e9l\u00e8ve doit savoir \u00e0 la fin de sa scolarit\u00e9 obligatoire, \u00e0 l&rsquo;\u00e2ge de 16 ans.<\/p>\n<p>L&rsquo;\u00e9valuation de ce socle commun repr\u00e9sente <strong>400 points<\/strong>.<\/p>\n<p>A la fin de l&rsquo;ann\u00e9e scolaire, les enseignants \u00e9valuent les acquis des \u00e9l\u00e8ves pr\u00e9vus par le socle commun. Ils utilisent les 4 appr\u00e9ciations suivantes qui rapportent chacune un nombre de points.<\/p>\n<ul>\n<li>ma\u00eetrise insuffisante : 10 points<\/li>\n<li>ma\u00eetrise fragile : 25 points<\/li>\n<li>ma\u00eetrise\u00a0 satisfaisante : 40 points<\/li>\n<li>tr\u00e8s bonne ma\u00eetrise : 50 points<\/li>\n<\/ul>\n<p>L&rsquo;addition de tous ces points donne le r\u00e9sultat \u00e0 l&rsquo;\u00e9valuation<\/p>\n<p>Les enseignements facultatifs tels que le latin peuvent permettre d&rsquo;obtenir des points suppl\u00e9mentaires :<\/p>\n<ul>\n<li>10 points si les objectifs d&rsquo;apprentissage du cycle sont atteints<\/li>\n<li>20 points si les objectifs d&rsquo;apprentissage du cycle sont d\u00e9pass\u00e9s<\/li>\n<\/ul>\n<h3>Les 5 \u00e9preuves finales :<\/h3>\n<p>Les \u00e9preuves finales de l&rsquo;examen repr\u00e9sentent <strong>400 points<\/strong>.<\/p>\n<ul>\n<li>L&rsquo;\u00e9preuve orale porte sur un projet men\u00e9 en histoire des arts ou dans le cadre d&rsquo;un EPI ou de l&rsquo;un des parcours \u00e9ducatifs\u00a0: elle permet notamment d&rsquo;\u00e9valuer la qualit\u00e9 de l&rsquo;expression orale.\u00a0Cette \u00e9preuve orale repr\u00e9sente <strong>100 points<\/strong>.L&rsquo;\u00e9preuve orale peut se d\u00e9rouler selon deux modalit\u00e9s\u00a0:<b><br \/>\n<\/b><\/p>\n<ul>\n<li>soit, via un<b>\u00a0entretien individuel\u00a0<\/b>de 15 minutes (5 minutes d\u2019expos\u00e9 et 10 minutes d\u2019entretien).<\/li>\n<li>soit, via un<b>\u00a0entretien collectif\u00a0<\/b>de 25 minutes (10 minutes d\u2019expos\u00e9 et 15 minutes d\u2019entretien).<\/li>\n<\/ul>\n<\/li>\n<\/ul>\n<ul>\n<li>Les quatre \u00e9preuves \u00e9crites, qui repr\u00e9sentent <strong>300 points<\/strong>, portent sur :\n<ul>\n<li>le<strong>\u00a0fran\u00e7ais<\/strong>\u00a0(3h)\u00a0: \u00e0 partir d&rsquo;un extrait de texte litt\u00e9raire et \u00e9ventuellement d&rsquo;une image, \u00e9valuation des comp\u00e9tences linguistiques (grammaire &#8211; dont r\u00e9\u00e9criture-, lexique&#8230;) et des comp\u00e9tences de compr\u00e9hension et d&rsquo;interpr\u00e9tation + dict\u00e9e + r\u00e9daction. Cette \u00e9preuve de fran\u00e7ais repr\u00e9sente <strong>100 points<\/strong>.<\/li>\n<\/ul>\n<ul>\n<li>les<strong>\u00a0math\u00e9matiques<\/strong>\u00a0(2h)\u00a0: exercices, dont certains assortis de tableaux ou de sch\u00e9mas, et dont un exercice d&rsquo;informatique.\u00a0 Cette \u00e9preuve de math\u00e9matiques repr\u00e9sente <strong>100 points<\/strong>.<\/li>\n<li>l&rsquo;<strong>histoire et g\u00e9ographie<\/strong>\u00a0(2h)\u00a0: analyse et compr\u00e9hension de documents + utilisation des rep\u00e8res historiques et g\u00e9ographiques + mobilisation des comp\u00e9tences de l&rsquo;enseignement moral et civique. Cette \u00e9preuve d&rsquo;histoire et g\u00e9ographie repr\u00e9sente <strong>50 points<\/strong>.<\/li>\n<li>les<strong>\u00a0sciences<\/strong>\u00a0(2 fois 30min, soit 1h au total) : physique-chimie, Sciences de la Vie et de la Terre, technologie. L&rsquo;\u00e9preuve ne portera que sur deux disciplines. Trois combinaisons sont donc possibles : physique-chimie et technologie ; SVT et technologie ; physique-chimie et SVT. La combinaison choisie sera communiquer environ deux mois avant l&rsquo;\u00e9preuve. Cette \u00e9preuve de sciences repr\u00e9sente <strong>50 points<\/strong>.<\/li>\n<\/ul>\n<\/li>\n<\/ul>\n<h3>Modalit\u00e9s d&rsquo;admission :<\/h3>\n<p><b>L\u2019\u00e9l\u00e8ve est re\u00e7u s\u2019il cumule 400 points sur les 800.<\/b><\/p>\n<p><b><\/b>Selon le total des points obtenu, les \u00e9l\u00e8ves peuvent se voir attribuer des mentions\u00a0: \u00ab\u00a0assez bien\u00a0\u00bb, \u00ab\u00a0bien\u00a0\u00bb ou \u00ab\u00a0tr\u00e8s bien\u00a0\u00bb. Les mentions \u00ab\u00a0bien\u00a0\u00bb et \u00ab\u00a0tr\u00e8s bien\u00a0\u00bb permettent, sous certaines conditions, de b\u00e9n\u00e9ficier de bourses au m\u00e9rite. Il obtient la mention\u00a0:<\/p>\n<ul>\n<li><strong>assez bien<\/strong>\u00a0s\u2019il cumule plus de 480 points<\/li>\n<li><strong>bien<\/strong>\u00a0s\u2019il cumule plus de 560 points<\/li>\n<li><strong>tr\u00e8s bien<\/strong>\u00a0s\u2019il cumule plus de 640 points<\/li>\n<\/ul>\n<h3>Une c\u00e9r\u00e9monie r\u00e9publicaine de remise des brevets<\/h3>\n<p>Une c\u00e9r\u00e9monie r\u00e9publicaine de remise des dipl\u00f4mes du brevet\u00a0est organis\u00e9e \u00e0 chaque rentr\u00e9e pour les laur\u00e9ats dans leur coll\u00e8ge.<\/p>\n<p>Cette c\u00e9r\u00e9monie rassemble la communaut\u00e9 \u00e9ducative et les \u00e9lus autour des \u00e9l\u00e8ves qui ach\u00e8vent leur parcours scolaire commun. Elle permet de dire le r\u00f4le essentiel de l\u2019\u00e9cole dans la R\u00e9publique et de f\u00e9liciter les \u00e9l\u00e8ves qui ont obtenu leur premier dipl\u00f4me. Elle donne \u00e0 voir aux \u00e9l\u00e8ves qui les suivent au coll\u00e8ge des mod\u00e8les de r\u00e9ussite.<\/p>\n\n\t\t<style type=\"text\/css\">\n\t\t\t#gallery-1 {\n\t\t\t\tmargin: auto;\n\t\t\t}\n\t\t\t#gallery-1 .gallery-item {\n\t\t\t\tfloat: left;\n\t\t\t\tmargin-top: 10px;\n\t\t\t\ttext-align: center;\n\t\t\t\twidth: 33%;\n\t\t\t}\n\t\t\t#gallery-1 img {\n\t\t\t\tborder: 2px solid #cfcfcf;\n\t\t\t}\n\t\t\t#gallery-1 .gallery-caption {\n\t\t\t\tmargin-left: 0;\n\t\t\t}\n\t\t\t\/* see gallery_shortcode() in wp-includes\/media.php *\/\n\t\t<\/style>\n\t\t<div id='gallery-1' class='gallery galleryid-927 gallery-columns-3 gallery-size-thumbnail'><dl class='gallery-item'>\n\t\t\t<dt class='gallery-icon portrait'>\n\t\t\t\t<a href='https:\/\/etab.ac-reunion.fr\/clg-chemin-morin\/wp-content\/uploads\/sites\/38\/2018\/02\/2017_dnb_infog_partie-1.jpg'><img loading=\"lazy\" decoding=\"async\" width=\"150\" height=\"150\" src=\"https:\/\/etab.ac-reunion.fr\/clg-chemin-morin\/wp-content\/uploads\/sites\/38\/2018\/02\/2017_dnb_infog_partie-1-150x150.jpg\" class=\"attachment-thumbnail size-thumbnail\" alt=\"\" srcset=\"https:\/\/etab.ac-reunion.fr\/clg-chemin-morin\/wp-content\/uploads\/sites\/38\/2018\/02\/2017_dnb_infog_partie-1-150x150.jpg 150w, https:\/\/etab.ac-reunion.fr\/clg-chemin-morin\/wp-content\/uploads\/sites\/38\/2018\/02\/2017_dnb_infog_partie-1-200x200.jpg 200w, https:\/\/etab.ac-reunion.fr\/clg-chemin-morin\/wp-content\/uploads\/sites\/38\/2018\/02\/2017_dnb_infog_partie-1-130x130.jpg 130w, https:\/\/etab.ac-reunion.fr\/clg-chemin-morin\/wp-content\/uploads\/sites\/38\/2018\/02\/2017_dnb_infog_partie-1-67x67.jpg 67w, https:\/\/etab.ac-reunion.fr\/clg-chemin-morin\/wp-content\/uploads\/sites\/38\/2018\/02\/2017_dnb_infog_partie-1-40x40.jpg 40w, https:\/\/etab.ac-reunion.fr\/clg-chemin-morin\/wp-content\/uploads\/sites\/38\/2018\/02\/2017_dnb_infog_partie-1-184x184.jpg 184w\" sizes=\"(max-width: 150px) 100vw, 150px\" \/><\/a>\n\t\t\t<\/dt><\/dl><dl class='gallery-item'>\n\t\t\t<dt class='gallery-icon portrait'>\n\t\t\t\t<a href='https:\/\/etab.ac-reunion.fr\/clg-chemin-morin\/wp-content\/uploads\/sites\/38\/2018\/02\/2017_dnb_infog_partie-2.jpg'><img loading=\"lazy\" decoding=\"async\" width=\"150\" height=\"150\" src=\"https:\/\/etab.ac-reunion.fr\/clg-chemin-morin\/wp-content\/uploads\/sites\/38\/2018\/02\/2017_dnb_infog_partie-2-150x150.jpg\" class=\"attachment-thumbnail size-thumbnail\" alt=\"\" srcset=\"https:\/\/etab.ac-reunion.fr\/clg-chemin-morin\/wp-content\/uploads\/sites\/38\/2018\/02\/2017_dnb_infog_partie-2-150x150.jpg 150w, https:\/\/etab.ac-reunion.fr\/clg-chemin-morin\/wp-content\/uploads\/sites\/38\/2018\/02\/2017_dnb_infog_partie-2-200x200.jpg 200w, https:\/\/etab.ac-reunion.fr\/clg-chemin-morin\/wp-content\/uploads\/sites\/38\/2018\/02\/2017_dnb_infog_partie-2-130x130.jpg 130w, https:\/\/etab.ac-reunion.fr\/clg-chemin-morin\/wp-content\/uploads\/sites\/38\/2018\/02\/2017_dnb_infog_partie-2-67x67.jpg 67w, https:\/\/etab.ac-reunion.fr\/clg-chemin-morin\/wp-content\/uploads\/sites\/38\/2018\/02\/2017_dnb_infog_partie-2-40x40.jpg 40w, https:\/\/etab.ac-reunion.fr\/clg-chemin-morin\/wp-content\/uploads\/sites\/38\/2018\/02\/2017_dnb_infog_partie-2-184x184.jpg 184w\" sizes=\"(max-width: 150px) 100vw, 150px\" \/><\/a>\n\t\t\t<\/dt><\/dl><dl class='gallery-item'>\n\t\t\t<dt class='gallery-icon portrait'>\n\t\t\t\t<a href='https:\/\/etab.ac-reunion.fr\/clg-chemin-morin\/wp-content\/uploads\/sites\/38\/2018\/02\/2017_dnb_infog_partie-3.jpg'><img loading=\"lazy\" decoding=\"async\" width=\"150\" height=\"150\" src=\"https:\/\/etab.ac-reunion.fr\/clg-chemin-morin\/wp-content\/uploads\/sites\/38\/2018\/02\/2017_dnb_infog_partie-3-150x150.jpg\" class=\"attachment-thumbnail size-thumbnail\" alt=\"\" srcset=\"https:\/\/etab.ac-reunion.fr\/clg-chemin-morin\/wp-content\/uploads\/sites\/38\/2018\/02\/2017_dnb_infog_partie-3-150x150.jpg 150w, https:\/\/etab.ac-reunion.fr\/clg-chemin-morin\/wp-content\/uploads\/sites\/38\/2018\/02\/2017_dnb_infog_partie-3-200x200.jpg 200w, https:\/\/etab.ac-reunion.fr\/clg-chemin-morin\/wp-content\/uploads\/sites\/38\/2018\/02\/2017_dnb_infog_partie-3-130x130.jpg 130w, https:\/\/etab.ac-reunion.fr\/clg-chemin-morin\/wp-content\/uploads\/sites\/38\/2018\/02\/2017_dnb_infog_partie-3-67x67.jpg 67w, https:\/\/etab.ac-reunion.fr\/clg-chemin-morin\/wp-content\/uploads\/sites\/38\/2018\/02\/2017_dnb_infog_partie-3-40x40.jpg 40w, https:\/\/etab.ac-reunion.fr\/clg-chemin-morin\/wp-content\/uploads\/sites\/38\/2018\/02\/2017_dnb_infog_partie-3-184x184.jpg 184w\" sizes=\"(max-width: 150px) 100vw, 150px\" \/><\/a>\n\t\t\t<\/dt><\/dl><br style=\"clear: both\" \/>\n\t\t<\/div>\n\n<p style=\"text-align: right\">Source :<a href=\"http:\/\/www.education.gouv.fr\/cid2619\/le-diplome-national-du-brevet.html\">\u00a0http:\/\/www.education.gouv.fr\/cid2619\/le-diplome-national-du-brevet.html<\/a><\/p>\n<p>&nbsp;<\/p>\n<p>&nbsp;<\/p>\n","protected":false},"excerpt":{"rendered":"<p>Le Dipl\u00f4me national du Brevet atteste des connaissances et comp\u00e9tences acquises en fin de coll\u00e8ge. Il n&rsquo;est pas obligatoire d&rsquo;\u00eatre admis au Brevet pour acc\u00e9der \u00e0 une classe sup\u00e9rieure en [&hellip;]<\/p>\n","protected":false},"author":178,"featured_media":235,"comment_status":"closed","ping_status":"open","sticky":false,"template":"","format":"standard","meta":{"_et_pb_use_builder":"","_et_pb_old_content":"","_et_gb_content_width":"","_EventAllDay":false,"_EventTimezone":"","_EventStartDate":"","_EventEndDate":"","_EventStartDateUTC":"","_EventEndDateUTC":"","_EventShowMap":false,"_EventShowMapLink":false,"_EventURL":"","_EventCost":"","_EventCostDescription":"","_EventCurrencySymbol":"","_EventCurrencyCode":"","_EventCurrencyPosition":"","_EventDateTimeSeparator":"","_EventTimeRangeSeparator":"","_EventOrganizerID":[],"_EventVenueID":[],"_OrganizerEmail":"","_OrganizerPhone":"","_OrganizerWebsite":"","_VenueAddress":"","_VenueCity":"","_VenueCountry":"","_VenueProvince":"","_VenueState":"","_VenueZip":"","_VenuePhone":"","_VenueURL":"","_VenueStateProvince":"","_VenueLat":"","_VenueLng":"","_VenueShowMap":false,"_VenueShowMapLink":false,"footnotes":"","_links_to":"","_links_to_target":""},"categories":[1,18],"tags":[],"class_list":["post-927","post","type-post","status-publish","format-standard","has-post-thumbnail","hentry","category-non-classe","category-pedagogie"],"_links":{"self":[{"href":"https:\/\/etab.ac-reunion.fr\/clg-chemin-morin\/wp-json\/wp\/v2\/posts\/927","targetHints":{"allow":["GET"]}}],"collection":[{"href":"https:\/\/etab.ac-reunion.fr\/clg-chemin-morin\/wp-json\/wp\/v2\/posts"}],"about":[{"href":"https:\/\/etab.ac-reunion.fr\/clg-chemin-morin\/wp-json\/wp\/v2\/types\/post"}],"author":[{"embeddable":true,"href":"https:\/\/etab.ac-reunion.fr\/clg-chemin-morin\/wp-json\/wp\/v2\/users\/178"}],"replies":[{"embeddable":true,"href":"https:\/\/etab.ac-reunion.fr\/clg-chemin-morin\/wp-json\/wp\/v2\/comments?post=927"}],"version-history":[{"count":5,"href":"https:\/\/etab.ac-reunion.fr\/clg-chemin-morin\/wp-json\/wp\/v2\/posts\/927\/revisions"}],"predecessor-version":[{"id":944,"href":"https:\/\/etab.ac-reunion.fr\/clg-chemin-morin\/wp-json\/wp\/v2\/posts\/927\/revisions\/944"}],"wp:featuredmedia":[{"embeddable":true,"href":"https:\/\/etab.ac-reunion.fr\/clg-chemin-morin\/wp-json\/wp\/v2\/media\/235"}],"wp:attachment":[{"href":"https:\/\/etab.ac-reunion.fr\/clg-chemin-morin\/wp-json\/wp\/v2\/media?parent=927"}],"wp:term":[{"taxonomy":"category","embeddable":true,"href":"https:\/\/etab.ac-reunion.fr\/clg-chemin-morin\/wp-json\/wp\/v2\/categories?post=927"},{"taxonomy":"post_tag","embeddable":true,"href":"https:\/\/etab.ac-reunion.fr\/clg-chemin-morin\/wp-json\/wp\/v2\/tags?post=927"}],"curies":[{"name":"wp","href":"https:\/\/api.w.org\/{rel}","templated":true}]}}