{"id":1886,"date":"2016-06-13T13:35:12","date_gmt":"2016-06-13T09:35:12","guid":{"rendered":"http:\/\/college-2canons.ac-reunion.fr\/?p=1886"},"modified":"2016-06-30T15:09:00","modified_gmt":"2016-06-30T11:09:01","slug":"brevet-dhistoire-des-arts","status":"publish","type":"post","link":"https:\/\/etab.ac-reunion.fr\/clg-deux-canons\/brevet-dhistoire-des-arts\/","title":{"rendered":"Brevet d&rsquo;Histoire des Arts"},"content":{"rendered":"<p>Chers \u00e9l\u00e8ves; chers parents,<\/p>\n<p>retrouvez sur le site toutes les fiches li\u00e9es \u00e0 l&rsquo;Histoire des Arts. Onglet \u00ab\u00a0p\u00e9dagogie\u00a0\u00bb puis HIDA.<\/p>\n<p>L&rsquo;\u00e9preuve se d\u00e9roulera vendredi 17 juin. Vous recevrez vos convocations personnelles bient\u00f4t.<\/p>\n<p>R\u00e9visez bien !!!<\/p>\n","protected":false},"excerpt":{"rendered":"<p>Chers \u00e9l\u00e8ves; chers parents, retrouvez sur le site toutes les fiches li\u00e9es \u00e0 l&rsquo;Histoire des Arts. Onglet \u00ab\u00a0p\u00e9dagogie\u00a0\u00bb puis HIDA. L&rsquo;\u00e9preuve se d\u00e9roulera vendredi 17 juin. Vous recevrez vos convocations personnelles bient\u00f4t. R\u00e9visez bien !!!<\/p>\n","protected":false},"author":1336,"featured_media":1811,"comment_status":"closed","ping_status":"closed","sticky":false,"template":"","format":"standard","meta":{"footnotes":""},"categories":[20,6,61,72],"tags":[],"class_list":["post-1886","post","type-post","status-publish","format-standard","has-post-thumbnail","hentry","category-actualites","category-diaporama","category-hida","category-pedagogie"],"_links":{"self":[{"href":"https:\/\/etab.ac-reunion.fr\/clg-deux-canons\/wp-json\/wp\/v2\/posts\/1886","targetHints":{"allow":["GET"]}}],"collection":[{"href":"https:\/\/etab.ac-reunion.fr\/clg-deux-canons\/wp-json\/wp\/v2\/posts"}],"about":[{"href":"https:\/\/etab.ac-reunion.fr\/clg-deux-canons\/wp-json\/wp\/v2\/types\/post"}],"author":[{"embeddable":true,"href":"https:\/\/etab.ac-reunion.fr\/clg-deux-canons\/wp-json\/wp\/v2\/users\/1336"}],"replies":[{"embeddable":true,"href":"https:\/\/etab.ac-reunion.fr\/clg-deux-canons\/wp-json\/wp\/v2\/comments?post=1886"}],"version-history":[{"count":2,"href":"https:\/\/etab.ac-reunion.fr\/clg-deux-canons\/wp-json\/wp\/v2\/posts\/1886\/revisions"}],"predecessor-version":[{"id":5897,"href":"https:\/\/etab.ac-reunion.fr\/clg-deux-canons\/wp-json\/wp\/v2\/posts\/1886\/revisions\/5897"}],"wp:featuredmedia":[{"embeddable":true,"href":"https:\/\/etab.ac-reunion.fr\/clg-deux-canons\/wp-json\/wp\/v2\/media\/1811"}],"wp:attachment":[{"href":"https:\/\/etab.ac-reunion.fr\/clg-deux-canons\/wp-json\/wp\/v2\/media?parent=1886"}],"wp:term":[{"taxonomy":"category","embeddable":true,"href":"https:\/\/etab.ac-reunion.fr\/clg-deux-canons\/wp-json\/wp\/v2\/categories?post=1886"},{"taxonomy":"post_tag","embeddable":true,"href":"https:\/\/etab.ac-reunion.fr\/clg-deux-canons\/wp-json\/wp\/v2\/tags?post=1886"}],"curies":[{"name":"wp","href":"https:\/\/api.w.org\/{rel}","templated":true}]}}