{"id":2166,"date":"2018-03-29T12:45:39","date_gmt":"2018-03-29T08:45:39","guid":{"rendered":"http:\/\/college-2canons.ac-reunion.fr\/?p=2166"},"modified":"2018-03-29T12:45:39","modified_gmt":"2018-03-29T08:45:39","slug":"noel-au-college-les-deux-canons","status":"publish","type":"post","link":"https:\/\/etab.ac-reunion.fr\/clg-deux-canons\/noel-au-college-les-deux-canons\/","title":{"rendered":"No\u00ebl au coll\u00e8ge les Deux Canons"},"content":{"rendered":"<p>Pour No\u00ebl 2017, les \u00e9l\u00e8ves de la SEGPA ont construit un sapin de No\u00ebl \u00e0 base de fil de fer et fleurs en papier rouge (voir image ci-dessous).<\/p>\n<div id=\"attachment_2168\" style=\"width: 310px\" class=\"wp-caption alignnone\"><img loading=\"lazy\" decoding=\"async\" aria-describedby=\"caption-attachment-2168\" class=\"size-medium wp-image-2168\" src=\"https:\/\/etab.ac-reunion.fr\/clg-deux-canons\/wp-content\/uploads\/sites\/35\/2018\/03\/FleurPapier-300x237.png\" alt=\"Fleur de papier rouge\" width=\"300\" height=\"237\" srcset=\"https:\/\/etab.ac-reunion.fr\/clg-deux-canons\/wp-content\/uploads\/sites\/35\/2018\/03\/FleurPapier-300x237.png 300w, https:\/\/etab.ac-reunion.fr\/clg-deux-canons\/wp-content\/uploads\/sites\/35\/2018\/03\/FleurPapier.png 480w\" sizes=\"auto, (max-width: 300px) 100vw, 300px\" \/><p id=\"caption-attachment-2168\" class=\"wp-caption-text\">Fleur de papier rouge<\/p><\/div>\n<p>&nbsp;<\/p>\n<p>Ensuite, ils ont propos\u00e9 le 14 d\u00e9cembre au r\u00e9fectoire un petit spectacle (chant, danse, musique) et ont chant\u00e9 quelques chansons en jouant \u00e0 des instruments de musique, notamment le djemb\u00e9.<\/p>\n<p class=\"Normal\" style=\"margin-top: 4.0pt\"><b><span style=\"color: #58acb3;font-size: 12.0pt;font-family: 'Calibri';font-weight: bold\">Merci \u00e0 tous les \u00e9l\u00e8ves, \u00e0 Oc\u00e9ane qui a propos\u00e9 une danse traditionnelle avec les enfants, aux professeurs qui ont permis de mettre en place le petit spectacle de No\u00ebl.<\/span><\/b><\/p>\n<p class=\"Normal\" style=\"margin-top: 4.0pt\"><span style=\"font-size: 9.0pt;font-family: 'Calibri'\">Mme OLIVETTE, professeure de SEGPA<\/span><\/p>\n","protected":false},"excerpt":{"rendered":"<p>Pour No\u00ebl 2017, les \u00e9l\u00e8ves de la SEGPA ont construit un sapin de No\u00ebl \u00e0 base de fil de fer et fleurs en papier rouge (voir image ci-dessous). &nbsp; Ensuite, ils ont propos\u00e9 le 14 d\u00e9cembre au r\u00e9fectoire un petit spectacle (chant, danse, musique) et ont chant\u00e9 quelques chansons en jouant \u00e0 des instruments de [&hellip;]<\/p>\n","protected":false},"author":15077,"featured_media":0,"comment_status":"closed","ping_status":"closed","sticky":false,"template":"","format":"standard","meta":{"footnotes":""},"categories":[17,77],"tags":[],"class_list":["post-2166","post","type-post","status-publish","format-standard","hentry","category-evenements","category-segpa"],"_links":{"self":[{"href":"https:\/\/etab.ac-reunion.fr\/clg-deux-canons\/wp-json\/wp\/v2\/posts\/2166","targetHints":{"allow":["GET"]}}],"collection":[{"href":"https:\/\/etab.ac-reunion.fr\/clg-deux-canons\/wp-json\/wp\/v2\/posts"}],"about":[{"href":"https:\/\/etab.ac-reunion.fr\/clg-deux-canons\/wp-json\/wp\/v2\/types\/post"}],"author":[{"embeddable":true,"href":"https:\/\/etab.ac-reunion.fr\/clg-deux-canons\/wp-json\/wp\/v2\/users\/15077"}],"replies":[{"embeddable":true,"href":"https:\/\/etab.ac-reunion.fr\/clg-deux-canons\/wp-json\/wp\/v2\/comments?post=2166"}],"version-history":[{"count":10,"href":"https:\/\/etab.ac-reunion.fr\/clg-deux-canons\/wp-json\/wp\/v2\/posts\/2166\/revisions"}],"predecessor-version":[{"id":2194,"href":"https:\/\/etab.ac-reunion.fr\/clg-deux-canons\/wp-json\/wp\/v2\/posts\/2166\/revisions\/2194"}],"wp:attachment":[{"href":"https:\/\/etab.ac-reunion.fr\/clg-deux-canons\/wp-json\/wp\/v2\/media?parent=2166"}],"wp:term":[{"taxonomy":"category","embeddable":true,"href":"https:\/\/etab.ac-reunion.fr\/clg-deux-canons\/wp-json\/wp\/v2\/categories?post=2166"},{"taxonomy":"post_tag","embeddable":true,"href":"https:\/\/etab.ac-reunion.fr\/clg-deux-canons\/wp-json\/wp\/v2\/tags?post=2166"}],"curies":[{"name":"wp","href":"https:\/\/api.w.org\/{rel}","templated":true}]}}