{"id":2178,"date":"2018-03-29T12:52:41","date_gmt":"2018-03-29T08:52:41","guid":{"rendered":"http:\/\/college-2canons.ac-reunion.fr\/?p=2178"},"modified":"2018-03-29T12:52:41","modified_gmt":"2018-03-29T08:52:41","slug":"inauguration-de-lespace-vegetal-de-la-sepga","status":"publish","type":"post","link":"https:\/\/etab.ac-reunion.fr\/clg-deux-canons\/inauguration-de-lespace-vegetal-de-la-sepga\/","title":{"rendered":"Inauguration de l&rsquo;espace v\u00e9g\u00e9tal de la SEPGA"},"content":{"rendered":"<p class=\"Formuledepolitesse\"><span style=\"font-size: 14.0pt\">Les \u00e9l\u00e8ves de la SEGPA, notamment les 5<\/span><sup><span style=\"font-size: 14.0pt\">\u00e8me<\/span><\/sup><span style=\"font-size: 14.0pt\"> , les 4<\/span><sup><span style=\"font-size: 14.0pt\">\u00e8me<\/span><\/sup><span style=\"font-size: 14.0pt\"> et les 3<\/span><sup><span style=\"font-size: 14.0pt\">\u00e8me<\/span><\/sup><span style=\"font-size: 14.0pt\"> se sont investis pour embellir l\u2019espace v\u00e9g\u00e9tal de la SEGPA.<\/span><\/p>\n<p class=\"Signature\"><span style=\"font-size: 14.0pt\">Les 5<\/span><sup><span style=\"font-size: 14.0pt\">\u00e8me<\/span><\/sup><span style=\"font-size: 14.0pt\"> de SEGPA ont \u00e9labor\u00e9 des affiches sur :<\/span><\/p>\n<p class=\"Par.deliste\" style=\"margin-left: 36.0pt;text-indent: -18.0pt\"><span style=\"font-size: 14.0pt\">&#8211; les plantes end\u00e9miques de la R\u00e9union<\/span><\/p>\n<p class=\"Par.deliste\" style=\"margin-left: 36.0pt;text-indent: -18.0pt\"><span style=\"font-size: 14.0pt\">&#8211; la faune, en particulier les oiseaux end\u00e9miques de la R\u00e9union<\/span><\/p>\n<p>&nbsp;<\/p>\n\n<p>&nbsp;<\/p>\n<p class=\"Normal\" style=\"margin-bottom: 6.0pt;line-height: 108%\"><span style=\"font-size: 14.0pt;font-family: 'Gill Sans MT'\">Ils ont \u00e9galement construit\u00a0:<\/span><\/p>\n<p class=\"Par.deliste\" style=\"margin-left: 36.0pt;text-indent: -18.0pt\"><span style=\"font-size: 14.0pt\">&#8211; des mots m\u00eal\u00e9s, des jeux<\/span><\/p>\n<p class=\"Par.deliste\" style=\"margin-left: 36.0pt;text-indent: -18.0pt\"><span style=\"font-size: 14.0pt\">&#8211; des histoires \u00ab\u00a0un ti m\u00e9lanz langag segpa\u00a0\u00bb<\/span><\/p>\n<p class=\"Par.deliste\"><span style=\"font-size: 14.0pt\">\u00a0<\/span><\/p>\n<p class=\"Signature\"><span style=\"font-size: 14.0pt\">Une inauguration aura prochainement lieu et l\u2019ensemble du personnel de l\u2019\u00e9tablissement sera convi\u00e9 \u00e0 venir observer les \u00e9l\u00e8ves. Ces derniers proposeront un \u00ab\u00a0gayar\u00a0 ti f\u00eat\u00a0\u00bb.<\/span><\/p>\n<p class=\"Sansinterligne\">Madame OLIVETTE L\u00e9a<\/p>\n","protected":false},"excerpt":{"rendered":"<p>Les \u00e9l\u00e8ves de la SEGPA, notamment les 5\u00e8me , les 4\u00e8me et les 3\u00e8me se sont investis pour embellir l\u2019espace v\u00e9g\u00e9tal de la SEGPA. Les 5\u00e8me de SEGPA ont \u00e9labor\u00e9 des affiches sur : &#8211; les plantes end\u00e9miques de la R\u00e9union &#8211; la faune, en particulier les oiseaux end\u00e9miques de la R\u00e9union &nbsp; &nbsp; Ils [&hellip;]<\/p>\n","protected":false},"author":15077,"featured_media":0,"comment_status":"closed","ping_status":"closed","sticky":false,"template":"","format":"standard","meta":{"footnotes":""},"categories":[20,77],"tags":[],"class_list":["post-2178","post","type-post","status-publish","format-standard","hentry","category-actualites","category-segpa"],"_links":{"self":[{"href":"https:\/\/etab.ac-reunion.fr\/clg-deux-canons\/wp-json\/wp\/v2\/posts\/2178","targetHints":{"allow":["GET"]}}],"collection":[{"href":"https:\/\/etab.ac-reunion.fr\/clg-deux-canons\/wp-json\/wp\/v2\/posts"}],"about":[{"href":"https:\/\/etab.ac-reunion.fr\/clg-deux-canons\/wp-json\/wp\/v2\/types\/post"}],"author":[{"embeddable":true,"href":"https:\/\/etab.ac-reunion.fr\/clg-deux-canons\/wp-json\/wp\/v2\/users\/15077"}],"replies":[{"embeddable":true,"href":"https:\/\/etab.ac-reunion.fr\/clg-deux-canons\/wp-json\/wp\/v2\/comments?post=2178"}],"version-history":[{"count":6,"href":"https:\/\/etab.ac-reunion.fr\/clg-deux-canons\/wp-json\/wp\/v2\/posts\/2178\/revisions"}],"predecessor-version":[{"id":2193,"href":"https:\/\/etab.ac-reunion.fr\/clg-deux-canons\/wp-json\/wp\/v2\/posts\/2178\/revisions\/2193"}],"wp:attachment":[{"href":"https:\/\/etab.ac-reunion.fr\/clg-deux-canons\/wp-json\/wp\/v2\/media?parent=2178"}],"wp:term":[{"taxonomy":"category","embeddable":true,"href":"https:\/\/etab.ac-reunion.fr\/clg-deux-canons\/wp-json\/wp\/v2\/categories?post=2178"},{"taxonomy":"post_tag","embeddable":true,"href":"https:\/\/etab.ac-reunion.fr\/clg-deux-canons\/wp-json\/wp\/v2\/tags?post=2178"}],"curies":[{"name":"wp","href":"https:\/\/api.w.org\/{rel}","templated":true}]}}