{"id":2191,"date":"2018-03-29T13:00:17","date_gmt":"2018-03-29T09:00:17","guid":{"rendered":"http:\/\/college-2canons.ac-reunion.fr\/?p=2191"},"modified":"2018-03-29T13:00:17","modified_gmt":"2018-03-29T09:00:17","slug":"le-14-fevrier-2018-parlons-de-lamour","status":"publish","type":"post","link":"https:\/\/etab.ac-reunion.fr\/clg-deux-canons\/le-14-fevrier-2018-parlons-de-lamour\/","title":{"rendered":"Le 14 f\u00e9vrier 2018 : parlons de l\u2019amour"},"content":{"rendered":"<h1 style=\"margin-top: 20.0pt;margin-bottom: 8.0pt;line-height: 110%\"><b><span style=\"font-size: 20.0pt\">N\u2019oublions pas de dire \u00e0 nos chers qu\u2019on les aime.<\/span><\/b><\/h1>\n<p>&nbsp;<\/p>\n<p class=\"Normal\" style=\"text-align: left\" align=\"center\"><span style=\"font-size: 16.0pt;font-family: 'Arial'\">Le 14 f\u00e9vrier 2018, les \u00e9l\u00e8ves de 5<\/span><sup><span style=\"font-size: 16.0pt;font-family: 'Arial'\">\u00e8me<\/span><\/sup><span style=\"font-size: 16.0pt;font-family: 'Arial'\"> de segpa ont parl\u00e9 de l\u2019amour \u00e0 travers des po\u00e8mes qu\u2019ils ont eux-m\u00eames\u00a0\u00e9crits : ils ont profit\u00e9 de ce jour symbolique pour rencontrer des \u00e9l\u00e8ves dans diff\u00e9rentes classes, des membres de l\u2019administration, notamment le principal de l\u2019\u00e9tablissement pour lire leurs \u00e9crits. Ils n\u2019ont pas oubli\u00e9 l\u2019accueil de l\u2019\u00e9tablissement en leur offrant une petite prestation en m\u00ealant paroles, chant et musique<\/span><span style=\"color: red;font-size: 16.0pt;font-family: 'Arial'\">.<\/span><\/p>\n<p class=\"Normal\" style=\"text-align: center\" align=\"center\"><span style=\"color: #666660;font-size: 16.0pt;font-family: 'Arial'\">\u00a0<\/span><\/p>\n<p class=\"Normal\" style=\"text-align: center\" align=\"center\"><span style=\"color: #666660;font-size: 16.0pt;font-family: 'Arial'\">MERCI A TOUS LES ELEVES POUR LEUR INVESTISEMENT<\/span><\/p>\n<p class=\"Normal\"><b><span style=\"color: red;font-family: 'Arial';font-weight: bold\">LES POEMES SONT AFFICHES SUR LES MURS DE L\u2019ADMINISTRATION. BONNE LECTURE A VOUS\u00a0!<\/span><\/b><\/p>\n<p class=\"Normal\"><span style=\"color: #666660;font-family: 'Arial'\">Leur professeur de fran\u00e7ais, Mme OLIVETTE<\/span><\/p>\n<p>&nbsp;<\/p>\n<p>&nbsp;<\/p>\n","protected":false},"excerpt":{"rendered":"<p>N\u2019oublions pas de dire \u00e0 nos chers qu\u2019on les aime. &nbsp; Le 14 f\u00e9vrier 2018, les \u00e9l\u00e8ves de 5\u00e8me de segpa ont parl\u00e9 de l\u2019amour \u00e0 travers des po\u00e8mes qu\u2019ils ont eux-m\u00eames\u00a0\u00e9crits : ils ont profit\u00e9 de ce jour symbolique pour rencontrer des \u00e9l\u00e8ves dans diff\u00e9rentes classes, des membres de l\u2019administration, notamment le principal de [&hellip;]<\/p>\n","protected":false},"author":15077,"featured_media":0,"comment_status":"closed","ping_status":"closed","sticky":false,"template":"","format":"standard","meta":{"footnotes":""},"categories":[17,77],"tags":[],"class_list":["post-2191","post","type-post","status-publish","format-standard","hentry","category-evenements","category-segpa"],"_links":{"self":[{"href":"https:\/\/etab.ac-reunion.fr\/clg-deux-canons\/wp-json\/wp\/v2\/posts\/2191","targetHints":{"allow":["GET"]}}],"collection":[{"href":"https:\/\/etab.ac-reunion.fr\/clg-deux-canons\/wp-json\/wp\/v2\/posts"}],"about":[{"href":"https:\/\/etab.ac-reunion.fr\/clg-deux-canons\/wp-json\/wp\/v2\/types\/post"}],"author":[{"embeddable":true,"href":"https:\/\/etab.ac-reunion.fr\/clg-deux-canons\/wp-json\/wp\/v2\/users\/15077"}],"replies":[{"embeddable":true,"href":"https:\/\/etab.ac-reunion.fr\/clg-deux-canons\/wp-json\/wp\/v2\/comments?post=2191"}],"version-history":[{"count":1,"href":"https:\/\/etab.ac-reunion.fr\/clg-deux-canons\/wp-json\/wp\/v2\/posts\/2191\/revisions"}],"predecessor-version":[{"id":2192,"href":"https:\/\/etab.ac-reunion.fr\/clg-deux-canons\/wp-json\/wp\/v2\/posts\/2191\/revisions\/2192"}],"wp:attachment":[{"href":"https:\/\/etab.ac-reunion.fr\/clg-deux-canons\/wp-json\/wp\/v2\/media?parent=2191"}],"wp:term":[{"taxonomy":"category","embeddable":true,"href":"https:\/\/etab.ac-reunion.fr\/clg-deux-canons\/wp-json\/wp\/v2\/categories?post=2191"},{"taxonomy":"post_tag","embeddable":true,"href":"https:\/\/etab.ac-reunion.fr\/clg-deux-canons\/wp-json\/wp\/v2\/tags?post=2191"}],"curies":[{"name":"wp","href":"https:\/\/api.w.org\/{rel}","templated":true}]}}