{"id":2202,"date":"2018-04-19T13:11:04","date_gmt":"2018-04-19T09:11:04","guid":{"rendered":"http:\/\/college-2canons.ac-reunion.fr\/?p=2202"},"modified":"2018-04-19T13:14:06","modified_gmt":"2018-04-19T09:14:06","slug":"web-radio-emission-sur-le-theme-du-carnaval","status":"publish","type":"post","link":"https:\/\/etab.ac-reunion.fr\/clg-deux-canons\/web-radio-emission-sur-le-theme-du-carnaval\/","title":{"rendered":"Web Radio &#8211; \u00c9mission sur le th\u00e8me du carnaval"},"content":{"rendered":"<p>Pour \u00e9couter la nouvelle \u00e9mission de notre Web radio, sur le th\u00e8me du carnaval, cliquer sur le lien suivant :<\/p>\n<p><a href=\"https:\/\/etab.ac-reunion.fr\/clg-deux-canons\/wp-content\/uploads\/sites\/35\/2018\/04\/web-radio-carnaval-19-04-2018.mp3\" target=\"_blank\" rel=\"noopener\">Radio 2Kanons &#8211; Le Carnaval<\/a><\/p>\n<p>Nous vous souhaitons une bonne \u00e9coute!<\/p>\n","protected":false},"excerpt":{"rendered":"<p>Pour \u00e9couter la nouvelle \u00e9mission de notre Web radio, sur le th\u00e8me du carnaval, cliquer sur le lien suivant : Radio 2Kanons &#8211; Le Carnaval Nous vous souhaitons une bonne \u00e9coute!<\/p>\n","protected":false},"author":15077,"featured_media":0,"comment_status":"closed","ping_status":"closed","sticky":false,"template":"","format":"standard","meta":{"footnotes":""},"categories":[20,4,74],"tags":[],"class_list":["post-2202","post","type-post","status-publish","format-standard","hentry","category-actualites","category-eleves","category-radio-2kanons"],"_links":{"self":[{"href":"https:\/\/etab.ac-reunion.fr\/clg-deux-canons\/wp-json\/wp\/v2\/posts\/2202","targetHints":{"allow":["GET"]}}],"collection":[{"href":"https:\/\/etab.ac-reunion.fr\/clg-deux-canons\/wp-json\/wp\/v2\/posts"}],"about":[{"href":"https:\/\/etab.ac-reunion.fr\/clg-deux-canons\/wp-json\/wp\/v2\/types\/post"}],"author":[{"embeddable":true,"href":"https:\/\/etab.ac-reunion.fr\/clg-deux-canons\/wp-json\/wp\/v2\/users\/15077"}],"replies":[{"embeddable":true,"href":"https:\/\/etab.ac-reunion.fr\/clg-deux-canons\/wp-json\/wp\/v2\/comments?post=2202"}],"version-history":[{"count":3,"href":"https:\/\/etab.ac-reunion.fr\/clg-deux-canons\/wp-json\/wp\/v2\/posts\/2202\/revisions"}],"predecessor-version":[{"id":2207,"href":"https:\/\/etab.ac-reunion.fr\/clg-deux-canons\/wp-json\/wp\/v2\/posts\/2202\/revisions\/2207"}],"wp:attachment":[{"href":"https:\/\/etab.ac-reunion.fr\/clg-deux-canons\/wp-json\/wp\/v2\/media?parent=2202"}],"wp:term":[{"taxonomy":"category","embeddable":true,"href":"https:\/\/etab.ac-reunion.fr\/clg-deux-canons\/wp-json\/wp\/v2\/categories?post=2202"},{"taxonomy":"post_tag","embeddable":true,"href":"https:\/\/etab.ac-reunion.fr\/clg-deux-canons\/wp-json\/wp\/v2\/tags?post=2202"}],"curies":[{"name":"wp","href":"https:\/\/api.w.org\/{rel}","templated":true}]}}