{"id":2822,"date":"2020-04-24T09:02:00","date_gmt":"2020-04-24T05:02:00","guid":{"rendered":"http:\/\/college-2canons.ac-reunion.fr\/?p=2822"},"modified":"2020-06-19T09:26:46","modified_gmt":"2020-06-19T05:26:46","slug":"information-orientation-3eme","status":"publish","type":"post","link":"https:\/\/etab.ac-reunion.fr\/clg-deux-canons\/information-orientation-3eme\/","title":{"rendered":"Information orientation 3\u00e8me [mise \u00e0 jour du 11\/05\/2020]"},"content":{"rendered":"\n<p><\/p>\n\n\n\n<p>Les \u00e9ch\u00e9ances de fin d\u2019ann\u00e9e arrivent et l\u2019orientation doit se pr\u00e9parer \u00e0 l\u2019aide de l\u2019application TELESERVICES de votre espace <a rel=\"noreferrer noopener\" aria-label=\"METICE Parents (s\u2019ouvre dans un nouvel onglet)\" href=\"http:\/\/metice.ac-reunion.fr\" target=\"_blank\"><strong>METICE Parents<\/strong><\/a>.<\/p>\n\n\n\n<p>Nous entrons dans la phase de r\u00e9flexion sur les offres de formation. Pour vous aider, vous pouvez consulter les vid\u00e9os suivantes :<\/p>\n\n\n\n<p><a href=\"https:\/\/www.youtube.com\/embed\/ssQXUal1dQw\">https:\/\/www.youtube.com\/embed\/ssQXUal1dQw<\/a><\/p>\n\n\n\n<p><\/p>\n\n\n\n<p><strong>[mise \u00e0 jour du 11\/05\/2020]<\/strong><\/p>\n\n\n\n<p> La phase de choix de voies et de v\u0153ux d\u2019orientation :<\/p>\n\n\n\n<figure class=\"wp-block-embed-youtube wp-block-embed is-type-video is-provider-youtube wp-embed-aspect-16-9 wp-has-aspect-ratio\"><div class=\"wp-block-embed__wrapper\">\n <iframe loading=\"lazy\" title=\"Information aux parents\" width=\"500\" height=\"281\" src=\"https:\/\/www.youtube.com\/embed\/t39o0uCiyo4?feature=oembed\" frameborder=\"0\" allow=\"accelerometer; autoplay; clipboard-write; encrypted-media; gyroscope; picture-in-picture; web-share\" referrerpolicy=\"strict-origin-when-cross-origin\" allowfullscreen><\/iframe>\n<\/div><\/figure>\n\n\n\n<p> La seconde g\u00e9n\u00e9rale et technologique :<\/p>\n\n\n\n<figure class=\"wp-block-embed-youtube wp-block-embed is-type-video is-provider-youtube wp-embed-aspect-16-9 wp-has-aspect-ratio\"><div class=\"wp-block-embed__wrapper\">\n<iframe loading=\"lazy\" title=\"Information aux parents   02\" width=\"500\" height=\"281\" src=\"https:\/\/www.youtube.com\/embed\/mkd2R7Iu4KQ?feature=oembed\" frameborder=\"0\" allow=\"accelerometer; autoplay; clipboard-write; encrypted-media; gyroscope; picture-in-picture; web-share\" referrerpolicy=\"strict-origin-when-cross-origin\" allowfullscreen><\/iframe>\n<\/div><\/figure>\n\n\n\n<p><\/p>\n\n\n\n<p>Si vous n\u2019avez pas encore vos identifiants \u00e0 l\u2019espace Metice Parents (compte ATEN)*, vous pouvez prendre contact avec le coll\u00e8ge par t\u00e9l\u00e9phone au <strong>0262 28 16 57<\/strong> ou par mail : <a rel=\"noreferrer noopener\" aria-label=\"ce.9740572d@ac-reunion.fr . (s\u2019ouvre dans un nouvel onglet)\" href=\"mailto:ce.9740572d@ac-reunion.fr\" target=\"_blank\"><strong>ce.9740572d@ac-reunion.fr<\/strong> .<\/a><\/p>\n\n\n\n<p>*Les notifications de compte ATEN ont \u00e9t\u00e9 envoy\u00e9es par mail pour les responsables l\u00e9gaux ayant donn\u00e9 une adresse \u00e9lectronique. Cette notification est valable 3 mois \u00e0 compter de l\u2019\u00e9dition du courrier. Au del\u00e0 de la date de validit\u00e9, il faudra reprendre contact avec l&rsquo;\u00e9tablissement pour une nouvelle notification.<\/p>\n","protected":false},"excerpt":{"rendered":"<p>Les \u00e9ch\u00e9ances de fin d\u2019ann\u00e9e arrivent et l\u2019orientation doit se pr\u00e9parer \u00e0 l\u2019aide de l\u2019application TELESERVICES de votre espace METICE Parents. Nous entrons dans la phase de r\u00e9flexion sur les offres de formation. Pour vous aider, vous pouvez consulter les vid\u00e9os suivantes : https:\/\/www.youtube.com\/embed\/ssQXUal1dQw [mise \u00e0 jour du 11\/05\/2020] La phase de choix de voies [&hellip;]<\/p>\n","protected":false},"author":15077,"featured_media":0,"comment_status":"closed","ping_status":"closed","sticky":false,"template":"","format":"standard","meta":{"footnotes":""},"categories":[20,5,4,63,67,3],"tags":[],"class_list":["post-2822","post","type-post","status-publish","format-standard","hentry","category-actualites","category-administration","category-eleves","category-informations","category-orientation","category-parents"],"_links":{"self":[{"href":"https:\/\/etab.ac-reunion.fr\/clg-deux-canons\/wp-json\/wp\/v2\/posts\/2822","targetHints":{"allow":["GET"]}}],"collection":[{"href":"https:\/\/etab.ac-reunion.fr\/clg-deux-canons\/wp-json\/wp\/v2\/posts"}],"about":[{"href":"https:\/\/etab.ac-reunion.fr\/clg-deux-canons\/wp-json\/wp\/v2\/types\/post"}],"author":[{"embeddable":true,"href":"https:\/\/etab.ac-reunion.fr\/clg-deux-canons\/wp-json\/wp\/v2\/users\/15077"}],"replies":[{"embeddable":true,"href":"https:\/\/etab.ac-reunion.fr\/clg-deux-canons\/wp-json\/wp\/v2\/comments?post=2822"}],"version-history":[{"count":13,"href":"https:\/\/etab.ac-reunion.fr\/clg-deux-canons\/wp-json\/wp\/v2\/posts\/2822\/revisions"}],"predecessor-version":[{"id":2841,"href":"https:\/\/etab.ac-reunion.fr\/clg-deux-canons\/wp-json\/wp\/v2\/posts\/2822\/revisions\/2841"}],"wp:attachment":[{"href":"https:\/\/etab.ac-reunion.fr\/clg-deux-canons\/wp-json\/wp\/v2\/media?parent=2822"}],"wp:term":[{"taxonomy":"category","embeddable":true,"href":"https:\/\/etab.ac-reunion.fr\/clg-deux-canons\/wp-json\/wp\/v2\/categories?post=2822"},{"taxonomy":"post_tag","embeddable":true,"href":"https:\/\/etab.ac-reunion.fr\/clg-deux-canons\/wp-json\/wp\/v2\/tags?post=2822"}],"curies":[{"name":"wp","href":"https:\/\/api.w.org\/{rel}","templated":true}]}}