{"id":2883,"date":"2020-06-19T09:24:47","date_gmt":"2020-06-19T05:24:47","guid":{"rendered":"http:\/\/college-2canons.ac-reunion.fr\/?p=2883"},"modified":"2020-07-06T13:28:11","modified_gmt":"2020-07-06T09:28:11","slug":"reprise-du-lundi-22-juin-2020-les-nouvelles-consignes-a-appliquer","status":"publish","type":"post","link":"https:\/\/etab.ac-reunion.fr\/clg-deux-canons\/reprise-du-lundi-22-juin-2020-les-nouvelles-consignes-a-appliquer\/","title":{"rendered":"Reprise du Lundi 22 Juin 2020 &#8211; Les nouvelles consignes \u00e0 appliquer &#8211;"},"content":{"rendered":"\n<p><\/p>\n\n\n\n<ul class=\"wp-block-list\"><li>La reprise se fera selon les emplois du temps (voir sur Pronote, <strong>nous serons en semaine A<\/strong>). Attention les cours regroupant diff\u00e9rentes classes ne seront pas assur\u00e9s (section football, latin, grec, \u2026).<\/li><li>La demi-pension ne sera pas assur\u00e9e. Les \u00e9l\u00e8ves ne seront donc pas accueillis durant la pause m\u00e9ridienne.<\/li><li>Le port du masque est obligatoire durant les d\u00e9placements et en classe si la distanciation est impossible.<\/li><li>Les \u00e9l\u00e8ves devront \u00eatre en possession de leur masque et d\u2019une pochette de rangement du masque.<\/li><li>Les permanences et certains cours auront lieu en ext\u00e9rieur\u00a0; par exemple\u00a0 les permanences auront lieu sous les flamboyants.<\/li><li>Des changements de salles auront lieu en cours de journ\u00e9e, chaque usager devra nettoyer son espace de travail avec le mat\u00e9riel mis \u00e0 disposition en arrivant.<\/li><\/ul>\n\n\n\n<p>Les parents pourront \u00e0 nouveau acc\u00e9der au coll\u00e8ge \u00e0 condition de porter un masque.<\/p>\n\n\n\n<p><\/p>\n\n\n\n<p>Le Principal<\/p>\n","protected":false},"excerpt":{"rendered":"<p>La reprise se fera selon les emplois du temps (voir sur Pronote, nous serons en semaine A). Attention les cours regroupant diff\u00e9rentes classes ne seront pas assur\u00e9s (section football, latin, grec, \u2026). La demi-pension ne sera pas assur\u00e9e. Les \u00e9l\u00e8ves ne seront donc pas accueillis durant la pause m\u00e9ridienne. Le port du masque est obligatoire [&hellip;]<\/p>\n","protected":false},"author":15077,"featured_media":2895,"comment_status":"closed","ping_status":"closed","sticky":false,"template":"","format":"standard","meta":{"footnotes":""},"categories":[20,5,4],"tags":[],"class_list":["post-2883","post","type-post","status-publish","format-standard","has-post-thumbnail","hentry","category-actualites","category-administration","category-eleves"],"_links":{"self":[{"href":"https:\/\/etab.ac-reunion.fr\/clg-deux-canons\/wp-json\/wp\/v2\/posts\/2883","targetHints":{"allow":["GET"]}}],"collection":[{"href":"https:\/\/etab.ac-reunion.fr\/clg-deux-canons\/wp-json\/wp\/v2\/posts"}],"about":[{"href":"https:\/\/etab.ac-reunion.fr\/clg-deux-canons\/wp-json\/wp\/v2\/types\/post"}],"author":[{"embeddable":true,"href":"https:\/\/etab.ac-reunion.fr\/clg-deux-canons\/wp-json\/wp\/v2\/users\/15077"}],"replies":[{"embeddable":true,"href":"https:\/\/etab.ac-reunion.fr\/clg-deux-canons\/wp-json\/wp\/v2\/comments?post=2883"}],"version-history":[{"count":7,"href":"https:\/\/etab.ac-reunion.fr\/clg-deux-canons\/wp-json\/wp\/v2\/posts\/2883\/revisions"}],"predecessor-version":[{"id":2896,"href":"https:\/\/etab.ac-reunion.fr\/clg-deux-canons\/wp-json\/wp\/v2\/posts\/2883\/revisions\/2896"}],"wp:featuredmedia":[{"embeddable":true,"href":"https:\/\/etab.ac-reunion.fr\/clg-deux-canons\/wp-json\/wp\/v2\/media\/2895"}],"wp:attachment":[{"href":"https:\/\/etab.ac-reunion.fr\/clg-deux-canons\/wp-json\/wp\/v2\/media?parent=2883"}],"wp:term":[{"taxonomy":"category","embeddable":true,"href":"https:\/\/etab.ac-reunion.fr\/clg-deux-canons\/wp-json\/wp\/v2\/categories?post=2883"},{"taxonomy":"post_tag","embeddable":true,"href":"https:\/\/etab.ac-reunion.fr\/clg-deux-canons\/wp-json\/wp\/v2\/tags?post=2883"}],"curies":[{"name":"wp","href":"https:\/\/api.w.org\/{rel}","templated":true}]}}