{"id":4756,"date":"2022-06-29T09:52:36","date_gmt":"2022-06-29T05:52:36","guid":{"rendered":"http:\/\/college-2canons.ac-reunion.fr\/?p=4756"},"modified":"2022-11-04T09:26:57","modified_gmt":"2022-11-04T05:26:57","slug":"rentree-scolaire-aout-2022","status":"publish","type":"post","link":"https:\/\/etab.ac-reunion.fr\/clg-deux-canons\/rentree-scolaire-aout-2022\/","title":{"rendered":"Rentr\u00e9e Scolaire Ao\u00fbt 2022"},"content":{"rendered":"\n<p><\/p>\n\n\n\n<p>Rentr\u00e9e des classes :<\/p>\n\n\n\n<ul class=\"wp-block-list\"><li>5\u00e8me Mardi 16 Ao\u00fbt 2022 8h25-11h35 <strong>PAS DE DEMI-PENSION<\/strong><\/li><li>4\u00e8me Mardi 16 Ao\u00fbt 2022 13h05-16h15 <strong>PAS DE DEMI-PENSION<\/strong><\/li><li>3\u00e8me Mercredi 17 Ao\u00fbt 2022 8h25-11h35 <strong>PAS DE DEMI-PENSION<\/strong><\/li><li>6\u00e8me Jeudi 18 Ao\u00fbt 2022 7h25-11h35 13h05-15h20 <strong>AVEC LA DEMI-PENSION<\/strong><\/li><li><strong>D\u00e9but des cours pour tous les niveaux Vendredi 19 Ao\u00fbt 2022 (Avec la demi-pension)<\/strong><\/li><\/ul>\n\n\n\n<p><\/p>\n\n\n\n<p>Liste des effets scolaires :<\/p>\n\n\n\n<p><a href=\"https:\/\/etab.ac-reunion.fr\/clg-deux-canons\/wp-content\/uploads\/sites\/35\/2022\/06\/Effets-6e-2022.pdf\">Effets scolaires 6\u00e8me_2022-2023<\/a><\/p>\n\n\n\n<p><a href=\"https:\/\/etab.ac-reunion.fr\/clg-deux-canons\/wp-content\/uploads\/sites\/35\/2022\/06\/Effets-6eSEGPA-2022.pdf\">Effets scolaires 6\u00e8me SEGPA_2022-2023<\/a><\/p>\n\n\n\n<p><\/p>\n\n\n\n<p><a href=\"https:\/\/etab.ac-reunion.fr\/clg-deux-canons\/wp-content\/uploads\/sites\/35\/2022\/06\/Effets-5e-2022.pdf\">Effets scolaires 5\u00e8me_2022-2023<\/a><\/p>\n\n\n\n<p><a href=\"https:\/\/etab.ac-reunion.fr\/clg-deux-canons\/wp-content\/uploads\/sites\/35\/2022\/07\/Effets-5eSEGPA-2022.pdf\">Effets scolaires 5\u00e8meSEGPA_2022-2023<\/a><\/p>\n\n\n\n<p><\/p>\n\n\n\n<p><a href=\"https:\/\/etab.ac-reunion.fr\/clg-deux-canons\/wp-content\/uploads\/sites\/35\/2022\/06\/Effets-4e-2022.pdf\">Effets scolaires 4\u00e8me_2022-2023<\/a><\/p>\n\n\n\n<p><a href=\"https:\/\/etab.ac-reunion.fr\/clg-deux-canons\/wp-content\/uploads\/sites\/35\/2022\/07\/Effets-4eSEGPA-2022.pdf\">Effets scolaires 4\u00e8me SEGPA_2022-2023<\/a><\/p>\n\n\n\n<p><\/p>\n\n\n\n<p><a href=\"https:\/\/etab.ac-reunion.fr\/clg-deux-canons\/wp-content\/uploads\/sites\/35\/2022\/06\/Effets-3e-2022.pdf\">Effets scolaires 3\u00e8me_2022-2023<\/a><\/p>\n\n\n\n<p><a href=\"https:\/\/etab.ac-reunion.fr\/clg-deux-canons\/wp-content\/uploads\/sites\/35\/2022\/07\/Effets-3eSEGPA-2022.pdf\">Effets scolaires 3\u00e8me SEGPA_2022-2023<\/a><\/p>\n","protected":false},"excerpt":{"rendered":"<p>Rentr\u00e9e des classes : 5\u00e8me Mardi 16 Ao\u00fbt 2022 8h25-11h35 PAS DE DEMI-PENSION 4\u00e8me Mardi 16 Ao\u00fbt 2022 13h05-16h15 PAS DE DEMI-PENSION 3\u00e8me Mercredi 17 Ao\u00fbt 2022 8h25-11h35 PAS DE DEMI-PENSION 6\u00e8me Jeudi 18 Ao\u00fbt 2022 7h25-11h35 13h05-15h20 AVEC LA DEMI-PENSION D\u00e9but des cours pour tous les niveaux Vendredi 19 Ao\u00fbt 2022 (Avec la demi-pension) [&hellip;]<\/p>\n","protected":false},"author":15077,"featured_media":4758,"comment_status":"closed","ping_status":"closed","sticky":false,"template":"","format":"standard","meta":{"footnotes":""},"categories":[20,5,1],"tags":[],"class_list":["post-4756","post","type-post","status-publish","format-standard","has-post-thumbnail","hentry","category-actualites","category-administration","category-non-classe"],"_links":{"self":[{"href":"https:\/\/etab.ac-reunion.fr\/clg-deux-canons\/wp-json\/wp\/v2\/posts\/4756","targetHints":{"allow":["GET"]}}],"collection":[{"href":"https:\/\/etab.ac-reunion.fr\/clg-deux-canons\/wp-json\/wp\/v2\/posts"}],"about":[{"href":"https:\/\/etab.ac-reunion.fr\/clg-deux-canons\/wp-json\/wp\/v2\/types\/post"}],"author":[{"embeddable":true,"href":"https:\/\/etab.ac-reunion.fr\/clg-deux-canons\/wp-json\/wp\/v2\/users\/15077"}],"replies":[{"embeddable":true,"href":"https:\/\/etab.ac-reunion.fr\/clg-deux-canons\/wp-json\/wp\/v2\/comments?post=4756"}],"version-history":[{"count":25,"href":"https:\/\/etab.ac-reunion.fr\/clg-deux-canons\/wp-json\/wp\/v2\/posts\/4756\/revisions"}],"predecessor-version":[{"id":5410,"href":"https:\/\/etab.ac-reunion.fr\/clg-deux-canons\/wp-json\/wp\/v2\/posts\/4756\/revisions\/5410"}],"wp:featuredmedia":[{"embeddable":true,"href":"https:\/\/etab.ac-reunion.fr\/clg-deux-canons\/wp-json\/wp\/v2\/media\/4758"}],"wp:attachment":[{"href":"https:\/\/etab.ac-reunion.fr\/clg-deux-canons\/wp-json\/wp\/v2\/media?parent=4756"}],"wp:term":[{"taxonomy":"category","embeddable":true,"href":"https:\/\/etab.ac-reunion.fr\/clg-deux-canons\/wp-json\/wp\/v2\/categories?post=4756"},{"taxonomy":"post_tag","embeddable":true,"href":"https:\/\/etab.ac-reunion.fr\/clg-deux-canons\/wp-json\/wp\/v2\/tags?post=4756"}],"curies":[{"name":"wp","href":"https:\/\/api.w.org\/{rel}","templated":true}]}}