{"id":653,"date":"2014-09-26T21:54:49","date_gmt":"2014-09-26T17:54:49","guid":{"rendered":"http:\/\/college-2canons.ac-reunion.fr\/?p=653"},"modified":"2014-09-26T23:07:42","modified_gmt":"2014-09-26T19:07:42","slug":"atelier-dexpression","status":"publish","type":"post","link":"https:\/\/etab.ac-reunion.fr\/clg-deux-canons\/atelier-dexpression\/","title":{"rendered":"Atelier d&rsquo;expression"},"content":{"rendered":"<p>Le Foyer Socio Educatif propose des ateliers d\u2019expression avec Mme Sam-Caw-Fr\u00e8ve<\/p>\n<p><strong>Pour qui\u00a0?<br \/>\n<\/strong>Pour les filles adh\u00e9rentes du FSE<\/p>\n<p><strong>Lieu\u00a0:<br \/>\n<\/strong>Gymnase<\/p>\n<p><strong>Quand\u00a0:<br \/>\n<\/strong>4\u00e8me\/3\u00e8me\u00a0: Le lundi de 12h \u00e0 12h45<strong><br \/>\n<\/strong>6\u00e8me\/ 5\u00e8me\u00a0: Le jeudi de 12h \u00e0 12h45<\/p>\n<p><strong>Description de l\u2019action\u00a0:<br \/>\n<\/strong>Les ateliers sont des lieux d\u2019expression o\u00f9 sont travaill\u00e9es les comp\u00e9tences relationnelles. L\u2019accent est mis aussi bien sur\u00a0:<\/p>\n<p>* la connaissance de soi\u00a0:<\/p>\n<p>&#8211; besoins\/\u00e9motions\/int\u00e9r\u00eats\/passions\/qualit\u00e9s\/d\u00e9fauts\/r\u00e9ussites\/freins\/projets\u2026<\/p>\n<p>* que les relations interpersonnelles\u00a0:<\/p>\n<p>&#8211; comprendre\/communiquer\/agir\/pr\u00e9venir les conflits\/g\u00e9rer les conflits\u2026<\/p>\n<p><strong>Ressources<\/strong><\/p>\n<ul>\n<li>Ecoute active, <a href=\"https:\/\/www.youtube.com\/watch?v=NAMerfCJA68\" target=\"_blank\">P\u00e9dagogie du Bonheur,<\/a> <a title=\"Non Violence Actualit\u00e9\" href=\"http:\/\/www.nonviolence-actualite.org\/catalog\/index.php?main_page=index&amp;cPath=3_19\" target=\"_blank\">communication non violente<\/a>, <a title=\"Faber et Mazlich\" href=\"http:\/\/translate.google.com\/translate?hl=fr&amp;sl=en&amp;u=http:\/\/www.fabermazlish.com\/&amp;prev=\/search%3Fq%3Dfaber%2Bet%2Bmazlish%26client%3Dfirefox-a%26hs%3DeWw%26rls%3Dorg.mozilla:fr:official%26channel%3Dnp\" target=\"_blank\">Faber et Mazlich<\/a><\/li>\n<li>Documents de l\u2019Universit\u00e9 de la Paix (en particulier le <a title=\"Graines de m\u00e9diateurs\" href=\"http:\/\/www.slideshare.net\/upasbl\/graines-de-mdiateurs-ii\" target=\"_blank\">guide pratique des Graines de m\u00e9diateurs<\/a>, aussi en <a href=\"http:\/\/www.universitedepaix.org\/conference-graines-de-mediateurs-video\" target=\"_blank\">vid\u00e9o<\/a>)<\/li>\n<li>\u00a0Ressources du <a title=\"Printemps de l'Education\" href=\"http:\/\/www.printemps-education.org\/\" target=\"_blank\">Printemps de l\u2019Education<\/a><\/li>\n<\/ul>\n","protected":false},"excerpt":{"rendered":"<p>Le Foyer Socio Educatif propose des ateliers d\u2019expression avec Mme Sam-Caw-Fr\u00e8ve Pour qui\u00a0? Pour les filles adh\u00e9rentes du FSE Lieu\u00a0: Gymnase Quand\u00a0: 4\u00e8me\/3\u00e8me\u00a0: Le lundi de 12h \u00e0 12h45 6\u00e8me\/ 5\u00e8me\u00a0: Le jeudi de 12h \u00e0 12h45 Description de l\u2019action\u00a0: Les ateliers sont des lieux d\u2019expression o\u00f9 sont travaill\u00e9es les comp\u00e9tences relationnelles. L\u2019accent est mis [&hellip;]<\/p>\n","protected":false},"author":1339,"featured_media":654,"comment_status":"open","ping_status":"open","sticky":false,"template":"","format":"standard","meta":{"footnotes":""},"categories":[20,4],"tags":[32,33,34,27,30,26,25,31],"class_list":["post-653","post","type-post","status-publish","format-standard","has-post-thumbnail","hentry","category-actualites","category-eleves","tag-bien-etre","tag-bonheur","tag-communication","tag-eleves-2","tag-expression","tag-foyer","tag-fse","tag-parole"],"_links":{"self":[{"href":"https:\/\/etab.ac-reunion.fr\/clg-deux-canons\/wp-json\/wp\/v2\/posts\/653","targetHints":{"allow":["GET"]}}],"collection":[{"href":"https:\/\/etab.ac-reunion.fr\/clg-deux-canons\/wp-json\/wp\/v2\/posts"}],"about":[{"href":"https:\/\/etab.ac-reunion.fr\/clg-deux-canons\/wp-json\/wp\/v2\/types\/post"}],"author":[{"embeddable":true,"href":"https:\/\/etab.ac-reunion.fr\/clg-deux-canons\/wp-json\/wp\/v2\/users\/1339"}],"replies":[{"embeddable":true,"href":"https:\/\/etab.ac-reunion.fr\/clg-deux-canons\/wp-json\/wp\/v2\/comments?post=653"}],"version-history":[{"count":4,"href":"https:\/\/etab.ac-reunion.fr\/clg-deux-canons\/wp-json\/wp\/v2\/posts\/653\/revisions"}],"predecessor-version":[{"id":5817,"href":"https:\/\/etab.ac-reunion.fr\/clg-deux-canons\/wp-json\/wp\/v2\/posts\/653\/revisions\/5817"}],"wp:featuredmedia":[{"embeddable":true,"href":"https:\/\/etab.ac-reunion.fr\/clg-deux-canons\/wp-json\/wp\/v2\/media\/654"}],"wp:attachment":[{"href":"https:\/\/etab.ac-reunion.fr\/clg-deux-canons\/wp-json\/wp\/v2\/media?parent=653"}],"wp:term":[{"taxonomy":"category","embeddable":true,"href":"https:\/\/etab.ac-reunion.fr\/clg-deux-canons\/wp-json\/wp\/v2\/categories?post=653"},{"taxonomy":"post_tag","embeddable":true,"href":"https:\/\/etab.ac-reunion.fr\/clg-deux-canons\/wp-json\/wp\/v2\/tags?post=653"}],"curies":[{"name":"wp","href":"https:\/\/api.w.org\/{rel}","templated":true}]}}