{"id":663,"date":"2014-09-27T00:21:59","date_gmt":"2014-09-26T20:21:59","guid":{"rendered":"http:\/\/college-2canons.ac-reunion.fr\/?p=663"},"modified":"2023-03-03T07:43:54","modified_gmt":"2023-03-03T03:43:54","slug":"atelier-colibris","status":"publish","type":"post","link":"https:\/\/etab.ac-reunion.fr\/clg-deux-canons\/atelier-colibris\/","title":{"rendered":"Atelier Colibris"},"content":{"rendered":"<p>Le Foyer Socio Educatif propose un club des colibris.<\/p>\n<p><strong>Pour qui\u00a0?<br \/>\n<\/strong>El\u00e8ves adh\u00e9rents au FSE<\/p>\n<p><strong>Lieu\u00a0:<br \/>\n<\/strong>Salle du Foyer<\/p>\n<p><strong>Quand\u00a0:<br \/>\n<\/strong>Le jeudi de 12h10 \u00e0 12h50<\/p>\n<p><strong>Description de l\u2019action\u00a0:<br \/>\n<\/strong><\/p>\n<p>Dans la continuit\u00e9 des comp\u00e9tences travaill\u00e9es en atelier d\u2019expression les ann\u00e9es pr\u00e9c\u00e9dentes, le club des Colibris ouvre davantage le volet \u00ab\u00a0Agir\u00a0\u00bb.<\/p>\n<p>Les \u00e9l\u00e8ves se retrouvent en situation r\u00e9elle o\u00f9 ils sont amen\u00e9s \u00e0 prendre des initiatives, \u00e0 s\u2019engager dans un projet et le mener \u00e0 son terme.<\/p>\n<p>A l\u2019occasion de manifestations r\u00e9guli\u00e8res tout au long de l\u2019ann\u00e9e, les \u00e9l\u00e8ves sont outill\u00e9s pour cr\u00e9er, organiser et encadrer des \u00e9v\u00e9nements culturels dans le cadre du FSE \u00e0 l\u2019int\u00e9rieur de l\u2019\u00e9tablissement et des \u00e9v\u00e8nements humanitaires pour des associations \u00e0 l\u2019ext\u00e9rieur du coll\u00e8ge.<strong><br \/>\n<a href=\"http:\/\/www.slideshare.net\/joellescf\/club-colibris-39580113\" target=\"_blank\" rel=\"noopener\">Vid\u00e9o des colibris 974<\/a><br \/>\n<\/strong><\/p>\n<p><strong>Partenaires :<br \/>\n&#8211; <\/strong>Association <a title=\"Lezartsdici\" href=\"http:\/\/lezartsdici.re\/\" target=\"_blank\" rel=\"noopener\">Lez&rsquo;Arts d&rsquo;ici<\/a><br \/>\n&#8211; <a href=\"http:\/\/www.printemps-education.org\/annuaire\/club-des-colibris-du-college-les-deux-canons\/\" target=\"_blank\" rel=\"noopener\">Printemps de l&rsquo;Education<\/a><\/p>\n","protected":false},"excerpt":{"rendered":"<p>Le Foyer Socio Educatif propose un club des colibris. Pour qui\u00a0? El\u00e8ves adh\u00e9rents au FSE Lieu\u00a0: Salle du Foyer Quand\u00a0: Le jeudi de 12h10 \u00e0 12h50 Description de l\u2019action\u00a0: Dans la continuit\u00e9 des comp\u00e9tences travaill\u00e9es en atelier d\u2019expression les ann\u00e9es pr\u00e9c\u00e9dentes, le club des Colibris ouvre davantage le volet \u00ab\u00a0Agir\u00a0\u00bb. Les \u00e9l\u00e8ves se retrouvent en [&hellip;]<\/p>\n","protected":false},"author":1339,"featured_media":665,"comment_status":"open","ping_status":"open","sticky":false,"template":"","format":"standard","meta":{"footnotes":""},"categories":[20,4],"tags":[32,33,37,29,34,35,39,27,36,26,25,38],"class_list":["post-663","post","type-post","status-publish","format-standard","has-post-thumbnail","hentry","category-actualites","category-eleves","tag-bien-etre","tag-bonheur","tag-citoyennete","tag-colibris","tag-communication","tag-cooperation","tag-education","tag-eleves-2","tag-engagement","tag-foyer","tag-fse","tag-printemps"],"_links":{"self":[{"href":"https:\/\/etab.ac-reunion.fr\/clg-deux-canons\/wp-json\/wp\/v2\/posts\/663","targetHints":{"allow":["GET"]}}],"collection":[{"href":"https:\/\/etab.ac-reunion.fr\/clg-deux-canons\/wp-json\/wp\/v2\/posts"}],"about":[{"href":"https:\/\/etab.ac-reunion.fr\/clg-deux-canons\/wp-json\/wp\/v2\/types\/post"}],"author":[{"embeddable":true,"href":"https:\/\/etab.ac-reunion.fr\/clg-deux-canons\/wp-json\/wp\/v2\/users\/1339"}],"replies":[{"embeddable":true,"href":"https:\/\/etab.ac-reunion.fr\/clg-deux-canons\/wp-json\/wp\/v2\/comments?post=663"}],"version-history":[{"count":10,"href":"https:\/\/etab.ac-reunion.fr\/clg-deux-canons\/wp-json\/wp\/v2\/posts\/663\/revisions"}],"predecessor-version":[{"id":6374,"href":"https:\/\/etab.ac-reunion.fr\/clg-deux-canons\/wp-json\/wp\/v2\/posts\/663\/revisions\/6374"}],"wp:featuredmedia":[{"embeddable":true,"href":"https:\/\/etab.ac-reunion.fr\/clg-deux-canons\/wp-json\/wp\/v2\/media\/665"}],"wp:attachment":[{"href":"https:\/\/etab.ac-reunion.fr\/clg-deux-canons\/wp-json\/wp\/v2\/media?parent=663"}],"wp:term":[{"taxonomy":"category","embeddable":true,"href":"https:\/\/etab.ac-reunion.fr\/clg-deux-canons\/wp-json\/wp\/v2\/categories?post=663"},{"taxonomy":"post_tag","embeddable":true,"href":"https:\/\/etab.ac-reunion.fr\/clg-deux-canons\/wp-json\/wp\/v2\/tags?post=663"}],"curies":[{"name":"wp","href":"https:\/\/api.w.org\/{rel}","templated":true}]}}