{"id":7856,"date":"2024-06-05T10:52:35","date_gmt":"2024-06-05T06:52:35","guid":{"rendered":"https:\/\/etab.ac-reunion.fr\/clg-deux-canons\/?p=7856"},"modified":"2024-06-05T10:53:42","modified_gmt":"2024-06-05T06:53:42","slug":"voyage-scolaire-a-grand-coude","status":"publish","type":"post","link":"https:\/\/etab.ac-reunion.fr\/clg-deux-canons\/voyage-scolaire-a-grand-coude\/","title":{"rendered":"Voyage Scolaire \u00e0 Grand-Coude avec les 6\u00e8mes"},"content":{"rendered":"\n<p><\/p>\n\n\n\n<p>24 \u00e9l\u00e8ves de 6A et de 6E ont eu la chance de partir deux jours \u00e0 Grand-Coude pendant les vacances de mai \u00e0 savoir Jeudi 16 et vendredi 17 mai. Ce voyage a permis de r\u00e9compenser ces \u00e9l\u00e8ves pour leurs r\u00e9sultats lors du concours Eur\u00eaka.<\/p>\n\n\n\n<p>Accompagn\u00e9s de Mme Lebon et de Mme Pradet, ils sont all\u00e9s en bus au \u2018Jardin la Cour\u2019.<\/p>\n\n\n\n<p>C\u2019est un immense terrain dans les hauts de Saint-Joseph am\u00e9nag\u00e9 pour pouvoir y faire des math\u00e9matiques en ext\u00e9rieur. M. Moullan, un ancien professeur de math\u00e9matiques \u00e0 la retraire et son \u00e9pouse, ont accueilli chaleureusement ce groupe d\u2019\u00e9l\u00e8ves. Celui-ci se d\u00e9crit comme un passeur.<\/p>\n\n\n\n<p>Les \u00e9l\u00e8ves ont eu l\u2019occasion de travailler sur les num\u00e9rations babylonienne et \u00e9gyptienne dans le tunnel des nombres.<\/p>\n\n\n\n<p><\/p>\n\n\n<div class=\"wp-block-image\">\n<figure class=\"aligncenter size-full\"><img loading=\"lazy\" decoding=\"async\" width=\"203\" height=\"271\" src=\"https:\/\/etab.ac-reunion.fr\/clg-deux-canons\/wp-content\/uploads\/sites\/35\/2024\/06\/image.png\" alt=\"\" class=\"wp-image-7857\" \/><figcaption class=\"wp-element-caption\"><br><em>Dans le tunnel des nombres<\/em><\/figcaption><\/figure>\n<\/div>\n\n\n<p>Ils ont aussi r\u00e9solu des probl\u00e8mes d\u2019Eur\u00eaka. M. Moullan en profite pour pr\u00e9senter aux \u00e9l\u00e8ves une autre fa\u00e7on de voir les six comp\u00e9tences math\u00e9matiques, sous forme de carte mentale afin de l\u2019utiliser comme outil de r\u00e9solution de probl\u00e8me.<\/p>\n\n\n<div class=\"wp-block-image\">\n<figure class=\"aligncenter size-full is-resized\"><img loading=\"lazy\" decoding=\"async\" width=\"811\" height=\"663\" src=\"https:\/\/etab.ac-reunion.fr\/clg-deux-canons\/wp-content\/uploads\/sites\/35\/2024\/06\/image-5.png\" alt=\"\" class=\"wp-image-7865\" style=\"width:402px;height:auto\" srcset=\"https:\/\/etab.ac-reunion.fr\/clg-deux-canons\/wp-content\/uploads\/sites\/35\/2024\/06\/image-5.png 811w, https:\/\/etab.ac-reunion.fr\/clg-deux-canons\/wp-content\/uploads\/sites\/35\/2024\/06\/image-5-300x245.png 300w, https:\/\/etab.ac-reunion.fr\/clg-deux-canons\/wp-content\/uploads\/sites\/35\/2024\/06\/image-5-768x628.png 768w\" sizes=\"auto, (max-width: 811px) 100vw, 811px\" \/><\/figure>\n<\/div>\n\n\n<p>Le soir, \u00e9quip\u00e9s de bonnet, pull et lampe frontale, tous participent \u00e0 la balade nocturne dans le \u2018Jardin la Cour\u2019 dirig\u00e9e par M. Moullan. Ils ont pu d\u00e9couvrir les b\u0153ufs Moka entre autres.<\/p>\n\n\n\n<p>Certes, il a fait froid, mais ce s\u00e9jour a \u00e9t\u00e9 l\u2019occasion pour les \u00e9l\u00e8ves de faire des math\u00e9matiques autrement et de partager une exp\u00e9rience humaine forte et enrichissante.<\/p>\n\n\n<div class=\"wp-block-image\">\n<figure class=\"aligncenter size-full is-resized\"><img loading=\"lazy\" decoding=\"async\" width=\"726\" height=\"544\" src=\"https:\/\/etab.ac-reunion.fr\/clg-deux-canons\/wp-content\/uploads\/sites\/35\/2024\/06\/image-3.png\" alt=\"\" class=\"wp-image-7860\" style=\"width:371px;height:auto\" srcset=\"https:\/\/etab.ac-reunion.fr\/clg-deux-canons\/wp-content\/uploads\/sites\/35\/2024\/06\/image-3.png 726w, https:\/\/etab.ac-reunion.fr\/clg-deux-canons\/wp-content\/uploads\/sites\/35\/2024\/06\/image-3-300x225.png 300w\" sizes=\"auto, (max-width: 726px) 100vw, 726px\" \/><\/figure>\n<\/div>\n\n\n<p><\/p>\n\n\n<div class=\"wp-block-image\">\n<figure class=\"aligncenter size-full is-resized\"><img loading=\"lazy\" decoding=\"async\" width=\"729\" height=\"547\" src=\"https:\/\/etab.ac-reunion.fr\/clg-deux-canons\/wp-content\/uploads\/sites\/35\/2024\/06\/image-4.png\" alt=\"\" class=\"wp-image-7861\" style=\"width:385px;height:auto\" srcset=\"https:\/\/etab.ac-reunion.fr\/clg-deux-canons\/wp-content\/uploads\/sites\/35\/2024\/06\/image-4.png 729w, https:\/\/etab.ac-reunion.fr\/clg-deux-canons\/wp-content\/uploads\/sites\/35\/2024\/06\/image-4-300x225.png 300w\" sizes=\"auto, (max-width: 729px) 100vw, 729px\" \/><\/figure>\n<\/div>","protected":false},"excerpt":{"rendered":"<p>24 \u00e9l\u00e8ves de 6A et de 6E ont eu la chance de partir deux jours \u00e0 Grand-Coude pendant les vacances de mai \u00e0 savoir Jeudi 16 et vendredi 17 mai. Ce voyage a permis de r\u00e9compenser ces \u00e9l\u00e8ves pour leurs r\u00e9sultats lors du concours Eur\u00eaka. Accompagn\u00e9s de Mme Lebon et de Mme Pradet, ils sont [&hellip;]<\/p>\n","protected":false},"author":15077,"featured_media":0,"comment_status":"closed","ping_status":"closed","sticky":false,"template":"","format":"standard","meta":{"footnotes":""},"categories":[20,65],"tags":[],"class_list":["post-7856","post","type-post","status-publish","format-standard","hentry","category-actualites","category-mathematiques"],"_links":{"self":[{"href":"https:\/\/etab.ac-reunion.fr\/clg-deux-canons\/wp-json\/wp\/v2\/posts\/7856","targetHints":{"allow":["GET"]}}],"collection":[{"href":"https:\/\/etab.ac-reunion.fr\/clg-deux-canons\/wp-json\/wp\/v2\/posts"}],"about":[{"href":"https:\/\/etab.ac-reunion.fr\/clg-deux-canons\/wp-json\/wp\/v2\/types\/post"}],"author":[{"embeddable":true,"href":"https:\/\/etab.ac-reunion.fr\/clg-deux-canons\/wp-json\/wp\/v2\/users\/15077"}],"replies":[{"embeddable":true,"href":"https:\/\/etab.ac-reunion.fr\/clg-deux-canons\/wp-json\/wp\/v2\/comments?post=7856"}],"version-history":[{"count":6,"href":"https:\/\/etab.ac-reunion.fr\/clg-deux-canons\/wp-json\/wp\/v2\/posts\/7856\/revisions"}],"predecessor-version":[{"id":7868,"href":"https:\/\/etab.ac-reunion.fr\/clg-deux-canons\/wp-json\/wp\/v2\/posts\/7856\/revisions\/7868"}],"wp:attachment":[{"href":"https:\/\/etab.ac-reunion.fr\/clg-deux-canons\/wp-json\/wp\/v2\/media?parent=7856"}],"wp:term":[{"taxonomy":"category","embeddable":true,"href":"https:\/\/etab.ac-reunion.fr\/clg-deux-canons\/wp-json\/wp\/v2\/categories?post=7856"},{"taxonomy":"post_tag","embeddable":true,"href":"https:\/\/etab.ac-reunion.fr\/clg-deux-canons\/wp-json\/wp\/v2\/tags?post=7856"}],"curies":[{"name":"wp","href":"https:\/\/api.w.org\/{rel}","templated":true}]}}