{"id":8147,"date":"2026-04-20T07:30:01","date_gmt":"2026-04-20T03:30:01","guid":{"rendered":"https:\/\/etab.ac-reunion.fr\/clg-deux-canons\/?p=8147"},"modified":"2026-04-20T07:30:01","modified_gmt":"2026-04-20T03:30:01","slug":"projet-metamorphose-au-jardin-botanique-de-st-leu-creativite-et-ecologie-par-les-6g","status":"publish","type":"post","link":"https:\/\/etab.ac-reunion.fr\/clg-deux-canons\/projet-metamorphose-au-jardin-botanique-de-st-leu-creativite-et-ecologie-par-les-6g\/","title":{"rendered":"Projet \u00ab\u00a0M\u00e9tamorphose\u00a0\u00bb au jardin botanique de St-Leu : cr\u00e9ativit\u00e9 et \u00e9cologie par les 6G"},"content":{"rendered":"\n<figure class=\"wp-block-image size-large\"><img loading=\"lazy\" decoding=\"async\" width=\"1024\" height=\"577\" src=\"https:\/\/etab.ac-reunion.fr\/clg-deux-canons\/wp-content\/uploads\/sites\/35\/2026\/04\/14-04-26-restitution-projet-metamorphose-au-jardin-6G-7-1024x577.jpg\" alt=\"\" class=\"wp-image-8167\" srcset=\"https:\/\/etab.ac-reunion.fr\/clg-deux-canons\/wp-content\/uploads\/sites\/35\/2026\/04\/14-04-26-restitution-projet-metamorphose-au-jardin-6G-7-1024x577.jpg 1024w, https:\/\/etab.ac-reunion.fr\/clg-deux-canons\/wp-content\/uploads\/sites\/35\/2026\/04\/14-04-26-restitution-projet-metamorphose-au-jardin-6G-7-300x169.jpg 300w, https:\/\/etab.ac-reunion.fr\/clg-deux-canons\/wp-content\/uploads\/sites\/35\/2026\/04\/14-04-26-restitution-projet-metamorphose-au-jardin-6G-7-768x433.jpg 768w, https:\/\/etab.ac-reunion.fr\/clg-deux-canons\/wp-content\/uploads\/sites\/35\/2026\/04\/14-04-26-restitution-projet-metamorphose-au-jardin-6G-7-1536x866.jpg 1536w, https:\/\/etab.ac-reunion.fr\/clg-deux-canons\/wp-content\/uploads\/sites\/35\/2026\/04\/14-04-26-restitution-projet-metamorphose-au-jardin-6G-7-2048x1155.jpg 2048w, https:\/\/etab.ac-reunion.fr\/clg-deux-canons\/wp-content\/uploads\/sites\/35\/2026\/04\/14-04-26-restitution-projet-metamorphose-au-jardin-6G-7-136x77.jpg 136w\" sizes=\"auto, (max-width: 1024px) 100vw, 1024px\" \/><\/figure>\n\n\n\n<p>Les \u00e9l\u00e8ves de 6eme G ont pr\u00e9sent\u00e9 leur travail au Jardin botanique de Mascarin, \u00e0 l\u2019occasion d\u2019un \u00e9v\u00e9nement organis\u00e9 dans le cadre des journ\u00e9es du d\u00e9veloppement durable le 14\/04\/2026. Par\u00e9s de leurs plus beaux costumes qu&rsquo;ils ont eux m\u00eame r\u00e9alis\u00e9s (motifs, coutures&#8230;), ils ont ainsi dans\u00e9 sur des rythmes percussions sans montrer leur stress devant un public de plus d&rsquo;une centaine de personnes.<\/p>\n\n\n<div class=\"wp-block-image\">\n<figure class=\"aligncenter size-large is-resized\"><img loading=\"lazy\" decoding=\"async\" width=\"1024\" height=\"576\" src=\"https:\/\/etab.ac-reunion.fr\/clg-deux-canons\/wp-content\/uploads\/sites\/35\/2026\/04\/14-04-26-restitution-projet-metamorphose-au-jardin-6G-14-1024x576.jpg\" alt=\"\" class=\"wp-image-8173\" style=\"width:640px;height:auto\" srcset=\"https:\/\/etab.ac-reunion.fr\/clg-deux-canons\/wp-content\/uploads\/sites\/35\/2026\/04\/14-04-26-restitution-projet-metamorphose-au-jardin-6G-14-1024x576.jpg 1024w, https:\/\/etab.ac-reunion.fr\/clg-deux-canons\/wp-content\/uploads\/sites\/35\/2026\/04\/14-04-26-restitution-projet-metamorphose-au-jardin-6G-14-300x169.jpg 300w, https:\/\/etab.ac-reunion.fr\/clg-deux-canons\/wp-content\/uploads\/sites\/35\/2026\/04\/14-04-26-restitution-projet-metamorphose-au-jardin-6G-14-768x432.jpg 768w, https:\/\/etab.ac-reunion.fr\/clg-deux-canons\/wp-content\/uploads\/sites\/35\/2026\/04\/14-04-26-restitution-projet-metamorphose-au-jardin-6G-14-136x77.jpg 136w, https:\/\/etab.ac-reunion.fr\/clg-deux-canons\/wp-content\/uploads\/sites\/35\/2026\/04\/14-04-26-restitution-projet-metamorphose-au-jardin-6G-14.jpg 1280w\" sizes=\"auto, (max-width: 1024px) 100vw, 1024px\" \/><\/figure>\n<\/div>\n\n<div class=\"wp-block-image\">\n<figure class=\"aligncenter size-large is-resized\"><img loading=\"lazy\" decoding=\"async\" width=\"1024\" height=\"576\" src=\"https:\/\/etab.ac-reunion.fr\/clg-deux-canons\/wp-content\/uploads\/sites\/35\/2026\/04\/14-04-26-restitution-projet-metamorphose-au-jardin-6G-13-1024x576.jpg\" alt=\"\" class=\"wp-image-8174\" style=\"width:628px;height:auto\" srcset=\"https:\/\/etab.ac-reunion.fr\/clg-deux-canons\/wp-content\/uploads\/sites\/35\/2026\/04\/14-04-26-restitution-projet-metamorphose-au-jardin-6G-13-1024x576.jpg 1024w, https:\/\/etab.ac-reunion.fr\/clg-deux-canons\/wp-content\/uploads\/sites\/35\/2026\/04\/14-04-26-restitution-projet-metamorphose-au-jardin-6G-13-300x169.jpg 300w, https:\/\/etab.ac-reunion.fr\/clg-deux-canons\/wp-content\/uploads\/sites\/35\/2026\/04\/14-04-26-restitution-projet-metamorphose-au-jardin-6G-13-768x432.jpg 768w, https:\/\/etab.ac-reunion.fr\/clg-deux-canons\/wp-content\/uploads\/sites\/35\/2026\/04\/14-04-26-restitution-projet-metamorphose-au-jardin-6G-13-136x77.jpg 136w, https:\/\/etab.ac-reunion.fr\/clg-deux-canons\/wp-content\/uploads\/sites\/35\/2026\/04\/14-04-26-restitution-projet-metamorphose-au-jardin-6G-13.jpg 1280w\" sizes=\"auto, (max-width: 1024px) 100vw, 1024px\" \/><\/figure>\n<\/div>\n\n\n<p>Ce projet, men\u00e9 avec s\u00e9rieux et engagement tout au long de l\u2019ann\u00e9e, a donn\u00e9 lieu \u00e0 une repr\u00e9sentation de grande qualit\u00e9, salu\u00e9e par la pr\u00e9sence d\u2019officiels et de journalistes venus d\u00e9couvrir le travail des \u00e9l\u00e8ves de 5 coll\u00e8ges et d&rsquo;\u00e9coles primaires de l&rsquo;\u00eele.<br><br>Cette belle r\u00e9alisation a d\u2019ailleurs \u00e9t\u00e9 relay\u00e9e dans plusieurs m\u00e9dias :<br><br>* Facebook : https:\/\/www.facebook.com\/share\/v\/1SpzT9FEmP\/ <br>* Article Freedom : https:\/\/freedom.fr\/mascarin-en-fete-la-jeunesse-de-louest-fait-son-show-pour-le-projet-betamorphose-au-jardin-botanique-photos-videos\/ <br>* Acad\u00e9mie de La R\u00e9union : https:\/\/www.ac-reunion.fr\/les-projets-land-art-au-jardin-botanique-mascarin-131613 <br><br><em>NB : Si les liens ne fonctionnent pas, il est possible de retrouver ces contenus en recherchant \u201cjardin mascarin m\u00e9tamorphose Saint-Leu\u201d sur internet.<\/em><br><br>Le coll\u00e8ge tient \u00e0 remercier chaleureusement l\u2019ensemble des partenaires ayant contribu\u00e9 \u00e0 la r\u00e9ussite de ce projet : le Jardin botanique des Mascareignes, la D\u00e9l\u00e9gation acad\u00e9mique \u00e0 l&rsquo;\u00e9ducation artistique et \u00e0 l&rsquo;action culturelle et l&rsquo;artiste Isabelle Odon qui a accompagn\u00e9 les \u00e9l\u00e8ves lors d&rsquo;ateliers de pratique artistique autour des v\u00e9g\u00e9taux et de leurs propri\u00e9t\u00e9s colorantes.<\/p>\n\n\n\n<p>Une belle r\u00e9ussite collective qui illustre l\u2019engagement des \u00e9l\u00e8ves et des \u00e9quipes dans des projets porteurs de sens !<\/p>\n\n\n\n<figure class=\"wp-block-image size-large\"><img loading=\"lazy\" decoding=\"async\" width=\"1024\" height=\"574\" src=\"https:\/\/etab.ac-reunion.fr\/clg-deux-canons\/wp-content\/uploads\/sites\/35\/2026\/04\/14-04-26-restitution-projet-metamorphose-au-jardin-6G-24-1024x574.jpg\" alt=\"\" class=\"wp-image-8168\" srcset=\"https:\/\/etab.ac-reunion.fr\/clg-deux-canons\/wp-content\/uploads\/sites\/35\/2026\/04\/14-04-26-restitution-projet-metamorphose-au-jardin-6G-24-1024x574.jpg 1024w, https:\/\/etab.ac-reunion.fr\/clg-deux-canons\/wp-content\/uploads\/sites\/35\/2026\/04\/14-04-26-restitution-projet-metamorphose-au-jardin-6G-24-300x168.jpg 300w, https:\/\/etab.ac-reunion.fr\/clg-deux-canons\/wp-content\/uploads\/sites\/35\/2026\/04\/14-04-26-restitution-projet-metamorphose-au-jardin-6G-24-768x431.jpg 768w, https:\/\/etab.ac-reunion.fr\/clg-deux-canons\/wp-content\/uploads\/sites\/35\/2026\/04\/14-04-26-restitution-projet-metamorphose-au-jardin-6G-24-1536x861.jpg 1536w, https:\/\/etab.ac-reunion.fr\/clg-deux-canons\/wp-content\/uploads\/sites\/35\/2026\/04\/14-04-26-restitution-projet-metamorphose-au-jardin-6G-24-2048x1148.jpg 2048w, https:\/\/etab.ac-reunion.fr\/clg-deux-canons\/wp-content\/uploads\/sites\/35\/2026\/04\/14-04-26-restitution-projet-metamorphose-au-jardin-6G-24-136x77.jpg 136w\" sizes=\"auto, (max-width: 1024px) 100vw, 1024px\" \/><\/figure>\n\n\n\n<p><\/p>\n","protected":false},"excerpt":{"rendered":"<p>Les \u00e9l\u00e8ves de 6eme G ont pr\u00e9sent\u00e9 leur travail au Jardin botanique de Mascarin, \u00e0 l\u2019occasion d\u2019un \u00e9v\u00e9nement organis\u00e9 dans le cadre des journ\u00e9es du d\u00e9veloppement durable le 14\/04\/2026. Par\u00e9s de leurs plus beaux costumes qu&rsquo;ils ont eux m\u00eame r\u00e9alis\u00e9s (motifs, coutures&#8230;), ils ont ainsi dans\u00e9 sur des rythmes percussions sans montrer leur stress devant [&hellip;]<\/p>\n","protected":false},"author":38374,"featured_media":8167,"comment_status":"closed","ping_status":"closed","sticky":false,"template":"","format":"standard","meta":{"footnotes":""},"categories":[122,137,57,76],"tags":[],"class_list":["post-8147","post","type-post","status-publish","format-standard","has-post-thumbnail","hentry","category-accueil","category-developpement-durable","category-eps","category-sciences-physique"],"_links":{"self":[{"href":"https:\/\/etab.ac-reunion.fr\/clg-deux-canons\/wp-json\/wp\/v2\/posts\/8147","targetHints":{"allow":["GET"]}}],"collection":[{"href":"https:\/\/etab.ac-reunion.fr\/clg-deux-canons\/wp-json\/wp\/v2\/posts"}],"about":[{"href":"https:\/\/etab.ac-reunion.fr\/clg-deux-canons\/wp-json\/wp\/v2\/types\/post"}],"author":[{"embeddable":true,"href":"https:\/\/etab.ac-reunion.fr\/clg-deux-canons\/wp-json\/wp\/v2\/users\/38374"}],"replies":[{"embeddable":true,"href":"https:\/\/etab.ac-reunion.fr\/clg-deux-canons\/wp-json\/wp\/v2\/comments?post=8147"}],"version-history":[{"count":4,"href":"https:\/\/etab.ac-reunion.fr\/clg-deux-canons\/wp-json\/wp\/v2\/posts\/8147\/revisions"}],"predecessor-version":[{"id":8175,"href":"https:\/\/etab.ac-reunion.fr\/clg-deux-canons\/wp-json\/wp\/v2\/posts\/8147\/revisions\/8175"}],"wp:featuredmedia":[{"embeddable":true,"href":"https:\/\/etab.ac-reunion.fr\/clg-deux-canons\/wp-json\/wp\/v2\/media\/8167"}],"wp:attachment":[{"href":"https:\/\/etab.ac-reunion.fr\/clg-deux-canons\/wp-json\/wp\/v2\/media?parent=8147"}],"wp:term":[{"taxonomy":"category","embeddable":true,"href":"https:\/\/etab.ac-reunion.fr\/clg-deux-canons\/wp-json\/wp\/v2\/categories?post=8147"},{"taxonomy":"post_tag","embeddable":true,"href":"https:\/\/etab.ac-reunion.fr\/clg-deux-canons\/wp-json\/wp\/v2\/tags?post=8147"}],"curies":[{"name":"wp","href":"https:\/\/api.w.org\/{rel}","templated":true}]}}