{"id":8164,"date":"2026-04-30T12:14:01","date_gmt":"2026-04-30T08:14:01","guid":{"rendered":"https:\/\/etab.ac-reunion.fr\/clg-deux-canons\/?p=8164"},"modified":"2026-04-30T12:14:32","modified_gmt":"2026-04-30T08:14:32","slug":"abysses-en-feu-un-court-metrage-scientifique-prime","status":"publish","type":"post","link":"https:\/\/etab.ac-reunion.fr\/clg-deux-canons\/abysses-en-feu-un-court-metrage-scientifique-prime\/","title":{"rendered":"\u201cAbysses en feu\u201d : un court m\u00e9trage scientifique prim\u00e9 !"},"content":{"rendered":"\n<p>C\u2019est avec une grande fiert\u00e9 que nous partageons une belle r\u00e9ussite du club sciences du coll\u00e8ge : le court m\u00e9trage scientifique \u201cAbysses en feu\u201d a remport\u00e9 le <strong>1er prix acad\u00e9mique 2026 lors du Festival du film scientifique<\/strong> organis\u00e9 par Sciences R\u00e9union.<\/p>\n\n\n\n<figure class=\"wp-block-image size-large\"><img loading=\"lazy\" decoding=\"async\" width=\"1024\" height=\"567\" src=\"https:\/\/etab.ac-reunion.fr\/clg-deux-canons\/wp-content\/uploads\/sites\/35\/2026\/04\/abysses_en_feu-1024x567.png\" alt=\"\" class=\"wp-image-8179\" srcset=\"https:\/\/etab.ac-reunion.fr\/clg-deux-canons\/wp-content\/uploads\/sites\/35\/2026\/04\/abysses_en_feu-1024x567.png 1024w, https:\/\/etab.ac-reunion.fr\/clg-deux-canons\/wp-content\/uploads\/sites\/35\/2026\/04\/abysses_en_feu-300x166.png 300w, https:\/\/etab.ac-reunion.fr\/clg-deux-canons\/wp-content\/uploads\/sites\/35\/2026\/04\/abysses_en_feu-768x425.png 768w, https:\/\/etab.ac-reunion.fr\/clg-deux-canons\/wp-content\/uploads\/sites\/35\/2026\/04\/abysses_en_feu-1536x851.png 1536w, https:\/\/etab.ac-reunion.fr\/clg-deux-canons\/wp-content\/uploads\/sites\/35\/2026\/04\/abysses_en_feu.png 1856w\" sizes=\"auto, (max-width: 1024px) 100vw, 1024px\" \/><\/figure>\n\n\n\n<p>Ce projet, port\u00e9 par des \u00e9l\u00e8ves du club sciences en 2025 et 2026 ainsi que par quelques participants de l\u2019\u00e9cole ouverte de mai 2025, s\u2019inscrit dans une v\u00e9ritable d\u00e9marche scientifique et cr\u00e9ative. D\u00e9j\u00e0 distingu\u00e9 en 2025 par le prix coup de c\u0153ur du jury Lumexplore Junior au niveau national, le film a \u00e9t\u00e9 r\u00e9cemment enrichi pour int\u00e9grer l\u2019\u00e9ruption spectaculaire du d\u00e9but d\u2019ann\u00e9e 2026, renfor\u00e7ant encore sa pertinence et son impact.<br><br>\ud83c\udfac Une soir\u00e9e de remise des prix m\u00e9morable<br><br>La c\u00e9r\u00e9monie de remise des prix s\u2019est tenue le vendredi 24 avril, dans le cadre exceptionnel de l\u2019amphith\u00e9\u00e2tre bioclimatique du Moufia. Les \u00e9l\u00e8ves ont eu l\u2019honneur de monter sur sc\u00e8ne pour pr\u00e9senter leur travail, partager quelques mots avec le public et recevoir leur troph\u00e9e.<br><\/p>\n\n\n\n<figure class=\"wp-block-image size-full\"><img loading=\"lazy\" decoding=\"async\" width=\"965\" height=\"890\" src=\"https:\/\/etab.ac-reunion.fr\/clg-deux-canons\/wp-content\/uploads\/sites\/35\/2026\/04\/concours_academique3.jpeg\" alt=\"\" class=\"wp-image-8180\" srcset=\"https:\/\/etab.ac-reunion.fr\/clg-deux-canons\/wp-content\/uploads\/sites\/35\/2026\/04\/concours_academique3.jpeg 965w, https:\/\/etab.ac-reunion.fr\/clg-deux-canons\/wp-content\/uploads\/sites\/35\/2026\/04\/concours_academique3-300x277.jpeg 300w, https:\/\/etab.ac-reunion.fr\/clg-deux-canons\/wp-content\/uploads\/sites\/35\/2026\/04\/concours_academique3-768x708.jpeg 768w\" sizes=\"auto, (max-width: 965px) 100vw, 965px\" \/><\/figure>\n\n\n\n<p>Ce dernier a d\u00e9sormais trouv\u00e9 sa place dans l\u2019armoire d\u00e9di\u00e9e du coll\u00e8ge, aux c\u00f4t\u00e9s des nombreuses distinctions d\u00e9j\u00e0 obtenues par les clubs et sections de l\u2019\u00e9tablissement \u2014 un bel hommage \u00e0 l\u2019engagement et au dynamisme de nos \u00e9l\u00e8ves.<\/p>\n\n\n\n<figure class=\"wp-block-image size-large\"><img loading=\"lazy\" decoding=\"async\" width=\"577\" height=\"1024\" src=\"https:\/\/etab.ac-reunion.fr\/clg-deux-canons\/wp-content\/uploads\/sites\/35\/2026\/04\/concours_academique2-577x1024.jpeg\" alt=\"\" class=\"wp-image-8181\" srcset=\"https:\/\/etab.ac-reunion.fr\/clg-deux-canons\/wp-content\/uploads\/sites\/35\/2026\/04\/concours_academique2-577x1024.jpeg 577w, https:\/\/etab.ac-reunion.fr\/clg-deux-canons\/wp-content\/uploads\/sites\/35\/2026\/04\/concours_academique2-169x300.jpeg 169w, https:\/\/etab.ac-reunion.fr\/clg-deux-canons\/wp-content\/uploads\/sites\/35\/2026\/04\/concours_academique2-768x1364.jpeg 768w, https:\/\/etab.ac-reunion.fr\/clg-deux-canons\/wp-content\/uploads\/sites\/35\/2026\/04\/concours_academique2-865x1536.jpeg 865w, https:\/\/etab.ac-reunion.fr\/clg-deux-canons\/wp-content\/uploads\/sites\/35\/2026\/04\/concours_academique2.jpeg 901w\" sizes=\"auto, (max-width: 577px) 100vw, 577px\" \/><\/figure>\n\n\n\n<p>\ud83d\udc4f Un immense bravo aux \u00e9l\u00e8ves<br><br>F\u00e9licitations \u00e0 tous les \u00e9l\u00e8ves impliqu\u00e9s dans ce projet pour leur s\u00e9rieux, leur cr\u00e9ativit\u00e9 et leur investissement :<br><br>Club sciences : Suzanne, Timoth\u00e9, Noah, Eliott, Adil, Kadijah, Kenzo<br>\u00c9cole ouverte 2025 : Jouhana, Marie, Thomas, Nicolas\u2026 <br><br>\ud83c\udfa5 D\u00e9couvrez le film<br><br>Vous pouvez visionner le court m\u00e9trage en suivant ce lien :<br>\ud83d\udc49 <a href=\"https:\/\/tube-sciences-technologies.apps.education.fr\/w\/tWHKcG6tS1ioNttbHr33ae\" data-type=\"link\" data-id=\"https:\/\/tube-sciences-technologies.apps.education.fr\/w\/tWHKcG6tS1ioNttbHr33ae\">https:\/\/tube-sciences-technologies.apps.education.fr\/w\/tWHKcG6tS1ioNttbHr33ae<\/a> <br><br>Encore bravo \u00e0 tous pour cette magnifique r\u00e9ussite !<\/p>\n\n\n\n<figure class=\"wp-block-image size-large\"><img loading=\"lazy\" decoding=\"async\" width=\"1024\" height=\"576\" src=\"https:\/\/etab.ac-reunion.fr\/clg-deux-canons\/wp-content\/uploads\/sites\/35\/2026\/04\/Trophee-CM-academique-1024x576.png\" alt=\"\" class=\"wp-image-8183\" srcset=\"https:\/\/etab.ac-reunion.fr\/clg-deux-canons\/wp-content\/uploads\/sites\/35\/2026\/04\/Trophee-CM-academique-1024x576.png 1024w, https:\/\/etab.ac-reunion.fr\/clg-deux-canons\/wp-content\/uploads\/sites\/35\/2026\/04\/Trophee-CM-academique-300x169.png 300w, https:\/\/etab.ac-reunion.fr\/clg-deux-canons\/wp-content\/uploads\/sites\/35\/2026\/04\/Trophee-CM-academique-768x432.png 768w, https:\/\/etab.ac-reunion.fr\/clg-deux-canons\/wp-content\/uploads\/sites\/35\/2026\/04\/Trophee-CM-academique-1536x864.png 1536w, https:\/\/etab.ac-reunion.fr\/clg-deux-canons\/wp-content\/uploads\/sites\/35\/2026\/04\/Trophee-CM-academique-136x77.png 136w, https:\/\/etab.ac-reunion.fr\/clg-deux-canons\/wp-content\/uploads\/sites\/35\/2026\/04\/Trophee-CM-academique.png 1920w\" sizes=\"auto, (max-width: 1024px) 100vw, 1024px\" \/><\/figure>\n\n\n\n<p><\/p>\n","protected":false},"excerpt":{"rendered":"<p>C\u2019est avec une grande fiert\u00e9 que nous partageons une belle r\u00e9ussite du club sciences du coll\u00e8ge : le court m\u00e9trage scientifique \u201cAbysses en feu\u201d a remport\u00e9 le 1er prix acad\u00e9mique 2026 lors du Festival du film scientifique organis\u00e9 par Sciences R\u00e9union. Ce projet, port\u00e9 par des \u00e9l\u00e8ves du club sciences en 2025 et 2026 ainsi [&hellip;]<\/p>\n","protected":false},"author":38374,"featured_media":8179,"comment_status":"closed","ping_status":"closed","sticky":false,"template":"","format":"standard","meta":{"footnotes":""},"categories":[122,20,40],"tags":[],"class_list":["post-8164","post","type-post","status-publish","format-standard","has-post-thumbnail","hentry","category-accueil","category-actualites","category-sciences-et-vie-de-la-terre"],"_links":{"self":[{"href":"https:\/\/etab.ac-reunion.fr\/clg-deux-canons\/wp-json\/wp\/v2\/posts\/8164","targetHints":{"allow":["GET"]}}],"collection":[{"href":"https:\/\/etab.ac-reunion.fr\/clg-deux-canons\/wp-json\/wp\/v2\/posts"}],"about":[{"href":"https:\/\/etab.ac-reunion.fr\/clg-deux-canons\/wp-json\/wp\/v2\/types\/post"}],"author":[{"embeddable":true,"href":"https:\/\/etab.ac-reunion.fr\/clg-deux-canons\/wp-json\/wp\/v2\/users\/38374"}],"replies":[{"embeddable":true,"href":"https:\/\/etab.ac-reunion.fr\/clg-deux-canons\/wp-json\/wp\/v2\/comments?post=8164"}],"version-history":[{"count":2,"href":"https:\/\/etab.ac-reunion.fr\/clg-deux-canons\/wp-json\/wp\/v2\/posts\/8164\/revisions"}],"predecessor-version":[{"id":8184,"href":"https:\/\/etab.ac-reunion.fr\/clg-deux-canons\/wp-json\/wp\/v2\/posts\/8164\/revisions\/8184"}],"wp:featuredmedia":[{"embeddable":true,"href":"https:\/\/etab.ac-reunion.fr\/clg-deux-canons\/wp-json\/wp\/v2\/media\/8179"}],"wp:attachment":[{"href":"https:\/\/etab.ac-reunion.fr\/clg-deux-canons\/wp-json\/wp\/v2\/media?parent=8164"}],"wp:term":[{"taxonomy":"category","embeddable":true,"href":"https:\/\/etab.ac-reunion.fr\/clg-deux-canons\/wp-json\/wp\/v2\/categories?post=8164"},{"taxonomy":"post_tag","embeddable":true,"href":"https:\/\/etab.ac-reunion.fr\/clg-deux-canons\/wp-json\/wp\/v2\/tags?post=8164"}],"curies":[{"name":"wp","href":"https:\/\/api.w.org\/{rel}","templated":true}]}}