{"id":8186,"date":"2026-04-30T13:26:28","date_gmt":"2026-04-30T09:26:28","guid":{"rendered":"https:\/\/etab.ac-reunion.fr\/clg-deux-canons\/?p=8186"},"modified":"2026-04-30T13:26:29","modified_gmt":"2026-04-30T09:26:29","slug":"mai-a-velo-a-la-rencontre-du-developpement-durable","status":"publish","type":"post","link":"https:\/\/etab.ac-reunion.fr\/clg-deux-canons\/mai-a-velo-a-la-rencontre-du-developpement-durable\/","title":{"rendered":"Mai \u00e0 v\u00e9lo &#8211; A la rencontre du d\u00e9veloppement durable"},"content":{"rendered":"\n<p>Mai \u00e0 v\u00e9lo est une manifestation nationale qui vise, par le biais du v\u00e9lo, \u00e0 mettre en relation les diff\u00e9rentes initiatives li\u00e9es au d\u00e9veloppement durable.<\/p>\n\n\n\n<p>Ce jeudi 30 avril 2026, une d\u00e9l\u00e9gation de 8 \u00e9l\u00e8ves du coll\u00e8ge, accompagn\u00e9e par Mme DE SACCO, M. POUSSE et M. REYNAUD, et escort\u00e9e par la police municipale, \u00e0 ainsi pris la route, pour aller \u00e0 la rencontre d&rsquo;autres \u00e9tablissements dionysiens.<\/p>\n\n\n\n<p>Ainsi, au Chaudron nous a \u00e9t\u00e9 pr\u00e9sent\u00e9 le potager du coll\u00e8ge. Aux Mascareignes le travail effectu\u00e9 sur le recyclage. A l&rsquo;Horizon l&rsquo;implication des fili\u00e8res professionnelles pour construire un parking \u00e0 v\u00e9lo. Et \u00e0 l&rsquo;Universit\u00e9 le fonctionnement du compostage, ainsi que les implantations de la flore \u00e0 La R\u00e9union au fil des si\u00e8cles.<\/p>\n\n\n\n<figure class=\"wp-block-image size-large\"><img loading=\"lazy\" decoding=\"async\" width=\"1024\" height=\"576\" src=\"https:\/\/etab.ac-reunion.fr\/clg-deux-canons\/wp-content\/uploads\/sites\/35\/2026\/04\/WhatsApp-Image-2026-04-30-at-10.38.03-1024x576.jpeg\" alt=\"\" class=\"wp-image-8187\" srcset=\"https:\/\/etab.ac-reunion.fr\/clg-deux-canons\/wp-content\/uploads\/sites\/35\/2026\/04\/WhatsApp-Image-2026-04-30-at-10.38.03-1024x576.jpeg 1024w, https:\/\/etab.ac-reunion.fr\/clg-deux-canons\/wp-content\/uploads\/sites\/35\/2026\/04\/WhatsApp-Image-2026-04-30-at-10.38.03-300x169.jpeg 300w, https:\/\/etab.ac-reunion.fr\/clg-deux-canons\/wp-content\/uploads\/sites\/35\/2026\/04\/WhatsApp-Image-2026-04-30-at-10.38.03-768x432.jpeg 768w, https:\/\/etab.ac-reunion.fr\/clg-deux-canons\/wp-content\/uploads\/sites\/35\/2026\/04\/WhatsApp-Image-2026-04-30-at-10.38.03-1536x864.jpeg 1536w, https:\/\/etab.ac-reunion.fr\/clg-deux-canons\/wp-content\/uploads\/sites\/35\/2026\/04\/WhatsApp-Image-2026-04-30-at-10.38.03-136x77.jpeg 136w, https:\/\/etab.ac-reunion.fr\/clg-deux-canons\/wp-content\/uploads\/sites\/35\/2026\/04\/WhatsApp-Image-2026-04-30-at-10.38.03.jpeg 1599w\" sizes=\"auto, (max-width: 1024px) 100vw, 1024px\" \/><\/figure>\n\n\n\n<p>Notre d\u00e9l\u00e9gation, escort\u00e9e sur le parcours par la police municipale<\/p>\n\n\n\n<figure class=\"wp-block-image size-large\"><img loading=\"lazy\" decoding=\"async\" width=\"1024\" height=\"461\" src=\"https:\/\/etab.ac-reunion.fr\/clg-deux-canons\/wp-content\/uploads\/sites\/35\/2026\/04\/WhatsApp-Image-2026-04-30-at-11.23.58-1024x461.jpeg\" alt=\"\" class=\"wp-image-8188\" srcset=\"https:\/\/etab.ac-reunion.fr\/clg-deux-canons\/wp-content\/uploads\/sites\/35\/2026\/04\/WhatsApp-Image-2026-04-30-at-11.23.58-1024x461.jpeg 1024w, https:\/\/etab.ac-reunion.fr\/clg-deux-canons\/wp-content\/uploads\/sites\/35\/2026\/04\/WhatsApp-Image-2026-04-30-at-11.23.58-300x135.jpeg 300w, https:\/\/etab.ac-reunion.fr\/clg-deux-canons\/wp-content\/uploads\/sites\/35\/2026\/04\/WhatsApp-Image-2026-04-30-at-11.23.58-768x346.jpeg 768w, https:\/\/etab.ac-reunion.fr\/clg-deux-canons\/wp-content\/uploads\/sites\/35\/2026\/04\/WhatsApp-Image-2026-04-30-at-11.23.58-1536x691.jpeg 1536w, https:\/\/etab.ac-reunion.fr\/clg-deux-canons\/wp-content\/uploads\/sites\/35\/2026\/04\/WhatsApp-Image-2026-04-30-at-11.23.58.jpeg 1600w\" sizes=\"auto, (max-width: 1024px) 100vw, 1024px\" \/><\/figure>\n\n\n\n<p>L&rsquo;arr\u00eat \u00e0 l&rsquo;universit\u00e9 a permis de comparer les processus de compostage des d\u00e9chets.<\/p>\n\n\n\n<figure class=\"wp-block-image size-large\"><img loading=\"lazy\" decoding=\"async\" width=\"1024\" height=\"718\" src=\"https:\/\/etab.ac-reunion.fr\/clg-deux-canons\/wp-content\/uploads\/sites\/35\/2026\/04\/WhatsApp-Image-2026-04-30-at-10.35.13-1024x718.jpeg\" alt=\"\" class=\"wp-image-8189\" srcset=\"https:\/\/etab.ac-reunion.fr\/clg-deux-canons\/wp-content\/uploads\/sites\/35\/2026\/04\/WhatsApp-Image-2026-04-30-at-10.35.13-1024x718.jpeg 1024w, https:\/\/etab.ac-reunion.fr\/clg-deux-canons\/wp-content\/uploads\/sites\/35\/2026\/04\/WhatsApp-Image-2026-04-30-at-10.35.13-300x210.jpeg 300w, https:\/\/etab.ac-reunion.fr\/clg-deux-canons\/wp-content\/uploads\/sites\/35\/2026\/04\/WhatsApp-Image-2026-04-30-at-10.35.13-768x539.jpeg 768w, https:\/\/etab.ac-reunion.fr\/clg-deux-canons\/wp-content\/uploads\/sites\/35\/2026\/04\/WhatsApp-Image-2026-04-30-at-10.35.13-1536x1077.jpeg 1536w, https:\/\/etab.ac-reunion.fr\/clg-deux-canons\/wp-content\/uploads\/sites\/35\/2026\/04\/WhatsApp-Image-2026-04-30-at-10.35.13.jpeg 1540w\" sizes=\"auto, (max-width: 1024px) 100vw, 1024px\" \/><\/figure>\n\n\n\n<figure class=\"wp-block-image size-large\"><img loading=\"lazy\" decoding=\"async\" width=\"1024\" height=\"768\" src=\"https:\/\/etab.ac-reunion.fr\/clg-deux-canons\/wp-content\/uploads\/sites\/35\/2026\/04\/WhatsApp-Image-2026-04-30-at-10.08.34-1-1024x768.jpeg\" alt=\"\" class=\"wp-image-8190\" srcset=\"https:\/\/etab.ac-reunion.fr\/clg-deux-canons\/wp-content\/uploads\/sites\/35\/2026\/04\/WhatsApp-Image-2026-04-30-at-10.08.34-1-1024x768.jpeg 1024w, https:\/\/etab.ac-reunion.fr\/clg-deux-canons\/wp-content\/uploads\/sites\/35\/2026\/04\/WhatsApp-Image-2026-04-30-at-10.08.34-1-300x225.jpeg 300w, https:\/\/etab.ac-reunion.fr\/clg-deux-canons\/wp-content\/uploads\/sites\/35\/2026\/04\/WhatsApp-Image-2026-04-30-at-10.08.34-1-768x576.jpeg 768w, https:\/\/etab.ac-reunion.fr\/clg-deux-canons\/wp-content\/uploads\/sites\/35\/2026\/04\/WhatsApp-Image-2026-04-30-at-10.08.34-1.jpeg 1280w\" sizes=\"auto, (max-width: 1024px) 100vw, 1024px\" \/><\/figure>\n\n\n\n<p>Au coll\u00e8ge, Mme VITRY et ses \u00e9l\u00e8ves ont accueillis les autres d\u00e9l\u00e9gations, afin de leur pr\u00e9senter le travail qu&rsquo;ils m\u00e8nent depuis de nombreuses ann\u00e9es sur le tri des d\u00e9chets, et le compostage.<\/p>\n\n\n\n<figure class=\"wp-block-image size-large\"><img loading=\"lazy\" decoding=\"async\" width=\"768\" height=\"1024\" src=\"https:\/\/etab.ac-reunion.fr\/clg-deux-canons\/wp-content\/uploads\/sites\/35\/2026\/04\/WhatsApp-Image-2026-04-30-at-10.08.34-768x1024.jpeg\" alt=\"\" class=\"wp-image-8191\" srcset=\"https:\/\/etab.ac-reunion.fr\/clg-deux-canons\/wp-content\/uploads\/sites\/35\/2026\/04\/WhatsApp-Image-2026-04-30-at-10.08.34-768x1024.jpeg 768w, https:\/\/etab.ac-reunion.fr\/clg-deux-canons\/wp-content\/uploads\/sites\/35\/2026\/04\/WhatsApp-Image-2026-04-30-at-10.08.34-225x300.jpeg 225w, https:\/\/etab.ac-reunion.fr\/clg-deux-canons\/wp-content\/uploads\/sites\/35\/2026\/04\/WhatsApp-Image-2026-04-30-at-10.08.34.jpeg 960w\" sizes=\"auto, (max-width: 768px) 100vw, 768px\" \/><\/figure>\n\n\n\n<p>Nos \u00e9l\u00e8ves sont \u00e9galement occup\u00e9es d&rsquo;accueillir les autres d\u00e9l\u00e9gations.<\/p>\n","protected":false},"excerpt":{"rendered":"<p>Mai \u00e0 v\u00e9lo est une manifestation nationale qui vise, par le biais du v\u00e9lo, \u00e0 mettre en relation les diff\u00e9rentes initiatives li\u00e9es au d\u00e9veloppement durable. Ce jeudi 30 avril 2026, une d\u00e9l\u00e9gation de 8 \u00e9l\u00e8ves du coll\u00e8ge, accompagn\u00e9e par Mme DE SACCO, M. POUSSE et M. REYNAUD, et escort\u00e9e par la police municipale, \u00e0 ainsi [&hellip;]<\/p>\n","protected":false},"author":11760,"featured_media":0,"comment_status":"closed","ping_status":"closed","sticky":false,"template":"","format":"standard","meta":{"footnotes":""},"categories":[54,137,57,17,75,40],"tags":[],"class_list":["post-8186","post","type-post","status-publish","format-standard","hentry","category-actions","category-developpement-durable","category-eps","category-evenements","category-restauration","category-sciences-et-vie-de-la-terre"],"_links":{"self":[{"href":"https:\/\/etab.ac-reunion.fr\/clg-deux-canons\/wp-json\/wp\/v2\/posts\/8186","targetHints":{"allow":["GET"]}}],"collection":[{"href":"https:\/\/etab.ac-reunion.fr\/clg-deux-canons\/wp-json\/wp\/v2\/posts"}],"about":[{"href":"https:\/\/etab.ac-reunion.fr\/clg-deux-canons\/wp-json\/wp\/v2\/types\/post"}],"author":[{"embeddable":true,"href":"https:\/\/etab.ac-reunion.fr\/clg-deux-canons\/wp-json\/wp\/v2\/users\/11760"}],"replies":[{"embeddable":true,"href":"https:\/\/etab.ac-reunion.fr\/clg-deux-canons\/wp-json\/wp\/v2\/comments?post=8186"}],"version-history":[{"count":1,"href":"https:\/\/etab.ac-reunion.fr\/clg-deux-canons\/wp-json\/wp\/v2\/posts\/8186\/revisions"}],"predecessor-version":[{"id":8192,"href":"https:\/\/etab.ac-reunion.fr\/clg-deux-canons\/wp-json\/wp\/v2\/posts\/8186\/revisions\/8192"}],"wp:attachment":[{"href":"https:\/\/etab.ac-reunion.fr\/clg-deux-canons\/wp-json\/wp\/v2\/media?parent=8186"}],"wp:term":[{"taxonomy":"category","embeddable":true,"href":"https:\/\/etab.ac-reunion.fr\/clg-deux-canons\/wp-json\/wp\/v2\/categories?post=8186"},{"taxonomy":"post_tag","embeddable":true,"href":"https:\/\/etab.ac-reunion.fr\/clg-deux-canons\/wp-json\/wp\/v2\/tags?post=8186"}],"curies":[{"name":"wp","href":"https:\/\/api.w.org\/{rel}","templated":true}]}}