{"id":5227,"date":"2019-12-17T16:46:01","date_gmt":"2019-12-17T12:46:01","guid":{"rendered":"http:\/\/college-edmond-albius.ac-reunion.fr\/?p=5227"},"modified":"2019-12-19T10:52:43","modified_gmt":"2019-12-19T06:52:43","slug":"soul-city","status":"publish","type":"post","link":"https:\/\/etab.ac-reunion.fr\/clg-edmond-albius\/soul-city\/","title":{"rendered":"Soul City"},"content":{"rendered":"\n<p><\/p>\n\n\n\n<p><\/p>\n\n\n\n<p><\/p>\n\n\n\n<p><\/p>\n\n\n\n<p><\/p>\n\n\n\n<p><\/p>\n\n\n\n<p><\/p>\n\n\n\n<p><\/p>\n\n\n\n<p><\/p>\n\n\n\n<p><\/p>\n\n\n\n<p><\/p>\n\n\n\n<p><\/p>\n\n\n\n<p><\/p>\n\n\n\n<p><\/p>\n\n\n\n<p><\/p>\n\n\n\n<p><\/p>\n\n\n\n<p><\/p>\n\n\n\n<p><\/p>\n\n\n\n<p><\/p>\n\n\n\n<p><\/p>\n\n\n\n<p><\/p>\n\n\n\n<p>Mardi 10 d\u00e9cembre en M4, le coll\u00e8ge a accueilli la compagnie Soul city.<\/p>\n\n\n\n<p>Durant 30 minutes, les \u00e9l\u00e8ves ont vu un spectacle de danse interpret\u00e9 pour 3 danseurs : Didier BOUTIANA \/ Olivier FLACONNEL \/ Ulrich LAURET.<\/p>\n\n\n\n<p>Le chor\u00e9graphe (Didier BOUTIANA), par la danse, a voulu parler des relations humaines comme la fraternit\u00e9.<br>C&rsquo;est une danse de guerrier, de combat, de lutte qui vise \u00e0 unir gr\u00e2ce \u00e0 la solidarit\u00e9.<br>Apr\u00e8s la danse, un \u00e9change a eu lieu avec le public. Les \u00e9l\u00e8ves ont pu poser des questions sur la danse, les costumes ou exprimer leurs ressentis.<\/p>\n\n\n\n<p>Merci \u00e0 la Kompani Soul city !<br>Merci \u00e0 l&rsquo;organisatrice Mme RICOUX.<\/p>\n\n\n<p>[su_slider source=\u00a0\u00bbmedia: 5229,5230,5231,5232,5233,5234,5235,5236,5237,5238,5239,5240,5241,5242&Prime; limit=\u00a0\u00bb53&Prime; title=\u00a0\u00bbno\u00a0\u00bb autoplay=\u00a0\u00bb6000&Prime; speed=\u00a0\u00bb1100&Prime;]<\/p>\n","protected":false},"excerpt":{"rendered":"<p>Mardi 10 d\u00e9cembre en M4, le coll\u00e8ge a accueilli la compagnie Soul city. Durant 30 minutes, les \u00e9l\u00e8ves ont vu un spectacle de danse interpret\u00e9 pour 3 danseurs : Didier BOUTIANA \/ Olivier FLACONNEL \/ Ulrich LAURET. Le chor\u00e9graphe (Didier BOUTIANA), par la danse, a voulu parler des relations humaines&#8230;<\/p>\n<p> <a class=\"continue-reading-link\" href=\"https:\/\/etab.ac-reunion.fr\/clg-edmond-albius\/soul-city\/\"><span>Lire plus &#8230;<\/span><i class=\"crycon-right-dir\"><\/i><\/a> <\/p>\n","protected":false},"author":6270,"featured_media":5228,"comment_status":"closed","ping_status":"open","sticky":false,"template":"","format":"standard","meta":{"footnotes":""},"categories":[1],"tags":[],"class_list":["post-5227","post","type-post","status-publish","format-standard","has-post-thumbnail","hentry","category-non-classe"],"_links":{"self":[{"href":"https:\/\/etab.ac-reunion.fr\/clg-edmond-albius\/wp-json\/wp\/v2\/posts\/5227","targetHints":{"allow":["GET"]}}],"collection":[{"href":"https:\/\/etab.ac-reunion.fr\/clg-edmond-albius\/wp-json\/wp\/v2\/posts"}],"about":[{"href":"https:\/\/etab.ac-reunion.fr\/clg-edmond-albius\/wp-json\/wp\/v2\/types\/post"}],"author":[{"embeddable":true,"href":"https:\/\/etab.ac-reunion.fr\/clg-edmond-albius\/wp-json\/wp\/v2\/users\/6270"}],"replies":[{"embeddable":true,"href":"https:\/\/etab.ac-reunion.fr\/clg-edmond-albius\/wp-json\/wp\/v2\/comments?post=5227"}],"version-history":[{"count":3,"href":"https:\/\/etab.ac-reunion.fr\/clg-edmond-albius\/wp-json\/wp\/v2\/posts\/5227\/revisions"}],"predecessor-version":[{"id":5280,"href":"https:\/\/etab.ac-reunion.fr\/clg-edmond-albius\/wp-json\/wp\/v2\/posts\/5227\/revisions\/5280"}],"wp:featuredmedia":[{"embeddable":true,"href":"https:\/\/etab.ac-reunion.fr\/clg-edmond-albius\/wp-json\/wp\/v2\/media\/5228"}],"wp:attachment":[{"href":"https:\/\/etab.ac-reunion.fr\/clg-edmond-albius\/wp-json\/wp\/v2\/media?parent=5227"}],"wp:term":[{"taxonomy":"category","embeddable":true,"href":"https:\/\/etab.ac-reunion.fr\/clg-edmond-albius\/wp-json\/wp\/v2\/categories?post=5227"},{"taxonomy":"post_tag","embeddable":true,"href":"https:\/\/etab.ac-reunion.fr\/clg-edmond-albius\/wp-json\/wp\/v2\/tags?post=5227"}],"curies":[{"name":"wp","href":"https:\/\/api.w.org\/{rel}","templated":true}]}}