{"id":5342,"date":"2020-02-25T10:43:54","date_gmt":"2020-02-25T06:43:54","guid":{"rendered":"http:\/\/college-edmond-albius.ac-reunion.fr\/?p=5342"},"modified":"2020-02-25T10:50:15","modified_gmt":"2020-02-25T06:50:15","slug":"le-manga-bu","status":"publish","type":"post","link":"https:\/\/etab.ac-reunion.fr\/clg-edmond-albius\/le-manga-bu\/","title":{"rendered":"Le Manga-Bu"},"content":{"rendered":"\n<p>Depuis le d\u00e9but de l&rsquo;ann\u00e9e scolaire, le club manga a \u00e9t\u00e9 cr\u00e9e au coll\u00e8ge. Il se r\u00e9unit tous les jeudi au CDI \u00e0 partir de 12h20.<\/p>\n\n\n\n<p>Les travaux des \u00e9l\u00e8ves du club se trouvent sur le blog le Manga-Bu : <a href=\"https:\/\/portail.college-edmondalbius.re\/wordpress\/manga-bu\/\">https:\/\/portail.college-edmondalbius.re\/wordpress\/manga-bu\/<\/a><\/p>\n\n\n\n<p><\/p>\n\n\n\n<p><\/p>\n","protected":false},"excerpt":{"rendered":"<p>Depuis le d\u00e9but de l&rsquo;ann\u00e9e scolaire, le club manga a \u00e9t\u00e9 cr\u00e9e au coll\u00e8ge. Il se r\u00e9unit tous les jeudi au CDI \u00e0 partir de 12h20. Les travaux des \u00e9l\u00e8ves du club se trouvent sur le blog le Manga-Bu : https:\/\/portail.college-edmondalbius.re\/wordpress\/manga-bu\/<\/p>\n<p> <a class=\"continue-reading-link\" href=\"https:\/\/etab.ac-reunion.fr\/clg-edmond-albius\/le-manga-bu\/\"><span>Lire plus &#8230;<\/span><i class=\"crycon-right-dir\"><\/i><\/a> <\/p>\n","protected":false},"author":17670,"featured_media":5188,"comment_status":"closed","ping_status":"open","sticky":false,"template":"","format":"standard","meta":{"footnotes":""},"categories":[1],"tags":[],"class_list":["post-5342","post","type-post","status-publish","format-standard","has-post-thumbnail","hentry","category-non-classe"],"_links":{"self":[{"href":"https:\/\/etab.ac-reunion.fr\/clg-edmond-albius\/wp-json\/wp\/v2\/posts\/5342","targetHints":{"allow":["GET"]}}],"collection":[{"href":"https:\/\/etab.ac-reunion.fr\/clg-edmond-albius\/wp-json\/wp\/v2\/posts"}],"about":[{"href":"https:\/\/etab.ac-reunion.fr\/clg-edmond-albius\/wp-json\/wp\/v2\/types\/post"}],"author":[{"embeddable":true,"href":"https:\/\/etab.ac-reunion.fr\/clg-edmond-albius\/wp-json\/wp\/v2\/users\/17670"}],"replies":[{"embeddable":true,"href":"https:\/\/etab.ac-reunion.fr\/clg-edmond-albius\/wp-json\/wp\/v2\/comments?post=5342"}],"version-history":[{"count":1,"href":"https:\/\/etab.ac-reunion.fr\/clg-edmond-albius\/wp-json\/wp\/v2\/posts\/5342\/revisions"}],"predecessor-version":[{"id":5343,"href":"https:\/\/etab.ac-reunion.fr\/clg-edmond-albius\/wp-json\/wp\/v2\/posts\/5342\/revisions\/5343"}],"wp:featuredmedia":[{"embeddable":true,"href":"https:\/\/etab.ac-reunion.fr\/clg-edmond-albius\/wp-json\/wp\/v2\/media\/5188"}],"wp:attachment":[{"href":"https:\/\/etab.ac-reunion.fr\/clg-edmond-albius\/wp-json\/wp\/v2\/media?parent=5342"}],"wp:term":[{"taxonomy":"category","embeddable":true,"href":"https:\/\/etab.ac-reunion.fr\/clg-edmond-albius\/wp-json\/wp\/v2\/categories?post=5342"},{"taxonomy":"post_tag","embeddable":true,"href":"https:\/\/etab.ac-reunion.fr\/clg-edmond-albius\/wp-json\/wp\/v2\/tags?post=5342"}],"curies":[{"name":"wp","href":"https:\/\/api.w.org\/{rel}","templated":true}]}}