{"id":5346,"date":"2020-02-25T16:24:31","date_gmt":"2020-02-25T12:24:31","guid":{"rendered":"http:\/\/college-edmond-albius.ac-reunion.fr\/?p=5346"},"modified":"2020-02-25T16:24:33","modified_gmt":"2020-02-25T12:24:33","slug":"concours-de-mangas","status":"publish","type":"post","link":"https:\/\/etab.ac-reunion.fr\/clg-edmond-albius\/concours-de-mangas\/","title":{"rendered":"Concours de Mangas"},"content":{"rendered":"\n<p>Du 28 novembre au 19 d\u00e9cembre 2019 un grand concours de dessin a \u00e9t\u00e9 lanc\u00e9.<\/p>\n\n\n\n<p>Le th\u00e8me du concours est \u00ab\u00a0No\u00ebl en Manga\u00a0\u00bb<\/p>\n\n\n\n<p>Les dessins des participants sont expos\u00e9s au CDI.<\/p>\n\n\n\n<p><\/p>\n\n\n\n<p><\/p>\n\n\n\n<p><\/p>\n\n\n\n<p><\/p>\n\n\n\n<p><\/p>\n\n\n\n<p><\/p>\n\n\n\n<p><\/p>\n\n\n\n<p><\/p>\n\n\n\n<p><\/p>\n\n\n\n<p><\/p>\n\n\n\n<p><\/p>\n\n\n\n<p><\/p>\n\n\n\n<p><\/p>\n\n\n\n<p><\/p>\n\n\n\n<p><\/p>\n\n\n\n<figure class=\"wp-block-gallery columns-5 is-cropped wp-block-gallery-1 is-layout-flex wp-block-gallery-is-layout-flex\"><ul class=\"blocks-gallery-grid\"><li class=\"blocks-gallery-item\"><figure><img loading=\"lazy\" decoding=\"async\" width=\"336\" height=\"448\" src=\"https:\/\/etab.ac-reunion.fr\/clg-edmond-albius\/wp-content\/uploads\/sites\/67\/2020\/02\/IMG-2709-rotated-e1582617720117.jpg\" alt=\"\" data-id=\"5350\" data-full-url=\"https:\/\/etab.ac-reunion.fr\/clg-edmond-albius\/wp-content\/uploads\/sites\/67\/2020\/02\/IMG-2709-rotated-e1582617720117.jpg\" data-link=\"https:\/\/etab.ac-reunion.fr\/clg-edmond-albius\/?attachment_id=5350\" class=\"wp-image-5350\" srcset=\"https:\/\/etab.ac-reunion.fr\/clg-edmond-albius\/wp-content\/uploads\/sites\/67\/2020\/02\/IMG-2709-rotated-e1582617720117.jpg 336w, https:\/\/etab.ac-reunion.fr\/clg-edmond-albius\/wp-content\/uploads\/sites\/67\/2020\/02\/IMG-2709-rotated-e1582617720117-225x300.jpg 225w\" sizes=\"auto, (max-width: 336px) 100vw, 336px\" \/><\/figure><\/li><li class=\"blocks-gallery-item\"><figure><img loading=\"lazy\" decoding=\"async\" width=\"336\" height=\"448\" src=\"https:\/\/etab.ac-reunion.fr\/clg-edmond-albius\/wp-content\/uploads\/sites\/67\/2020\/02\/IMG-2708-rotated-e1582617826116.jpg\" alt=\"\" data-id=\"5349\" data-full-url=\"https:\/\/etab.ac-reunion.fr\/clg-edmond-albius\/wp-content\/uploads\/sites\/67\/2020\/02\/IMG-2708-rotated-e1582617826116.jpg\" data-link=\"https:\/\/etab.ac-reunion.fr\/clg-edmond-albius\/?attachment_id=5349\" class=\"wp-image-5349\" srcset=\"https:\/\/etab.ac-reunion.fr\/clg-edmond-albius\/wp-content\/uploads\/sites\/67\/2020\/02\/IMG-2708-rotated-e1582617826116.jpg 336w, https:\/\/etab.ac-reunion.fr\/clg-edmond-albius\/wp-content\/uploads\/sites\/67\/2020\/02\/IMG-2708-rotated-e1582617826116-225x300.jpg 225w\" sizes=\"auto, (max-width: 336px) 100vw, 336px\" \/><\/figure><\/li><li class=\"blocks-gallery-item\"><figure><img loading=\"lazy\" decoding=\"async\" width=\"322\" height=\"448\" src=\"https:\/\/etab.ac-reunion.fr\/clg-edmond-albius\/wp-content\/uploads\/sites\/67\/2020\/02\/IMG-2711-rotated.jpg\" alt=\"\" data-id=\"5361\" data-full-url=\"https:\/\/etab.ac-reunion.fr\/clg-edmond-albius\/wp-content\/uploads\/sites\/67\/2020\/02\/IMG-2711-rotated.jpg\" data-link=\"https:\/\/etab.ac-reunion.fr\/clg-edmond-albius\/?attachment_id=5361\" class=\"wp-image-5361\" srcset=\"https:\/\/etab.ac-reunion.fr\/clg-edmond-albius\/wp-content\/uploads\/sites\/67\/2020\/02\/IMG-2711-rotated.jpg 322w, https:\/\/etab.ac-reunion.fr\/clg-edmond-albius\/wp-content\/uploads\/sites\/67\/2020\/02\/IMG-2711-216x300.jpg 216w\" sizes=\"auto, (max-width: 322px) 100vw, 322px\" \/><\/figure><\/li><li class=\"blocks-gallery-item\"><figure><img loading=\"lazy\" decoding=\"async\" width=\"291\" height=\"424\" src=\"https:\/\/etab.ac-reunion.fr\/clg-edmond-albius\/wp-content\/uploads\/sites\/67\/2020\/02\/IMG-2712-1-rotated-e1582632166177.jpg\" alt=\"\" data-id=\"5363\" data-full-url=\"https:\/\/etab.ac-reunion.fr\/clg-edmond-albius\/wp-content\/uploads\/sites\/67\/2020\/02\/IMG-2712-1-rotated-e1582632166177.jpg\" data-link=\"https:\/\/etab.ac-reunion.fr\/clg-edmond-albius\/?attachment_id=5363\" class=\"wp-image-5363\" srcset=\"https:\/\/etab.ac-reunion.fr\/clg-edmond-albius\/wp-content\/uploads\/sites\/67\/2020\/02\/IMG-2712-1-rotated-e1582632166177.jpg 291w, https:\/\/etab.ac-reunion.fr\/clg-edmond-albius\/wp-content\/uploads\/sites\/67\/2020\/02\/IMG-2712-1-rotated-e1582632166177-206x300.jpg 206w\" sizes=\"auto, (max-width: 291px) 100vw, 291px\" \/><\/figure><\/li><li class=\"blocks-gallery-item\"><figure><img decoding=\"async\" src=\"https:\/\/etab.ac-reunion.fr\/clg-edmond-albius\/wp-content\/uploads\/sites\/67\/2020\/02\/IMG-2710-rotated-e1582631214241.jpg\" alt=\"\" data-id=\"5359\" data-full-url=\"https:\/\/etab.ac-reunion.fr\/clg-edmond-albius\/wp-content\/uploads\/sites\/67\/2020\/02\/IMG-2710-rotated-e1582631214241.jpg\" data-link=\"https:\/\/etab.ac-reunion.fr\/clg-edmond-albius\/img-2710\/\" class=\"wp-image-5359\" \/><\/figure><\/li><li class=\"blocks-gallery-item\"><figure><img loading=\"lazy\" decoding=\"async\" width=\"336\" height=\"448\" src=\"https:\/\/etab.ac-reunion.fr\/clg-edmond-albius\/wp-content\/uploads\/sites\/67\/2020\/02\/IMG-2692-rotated-e1582617915572.jpg\" alt=\"\" data-id=\"5347\" data-full-url=\"https:\/\/etab.ac-reunion.fr\/clg-edmond-albius\/wp-content\/uploads\/sites\/67\/2020\/02\/IMG-2692-rotated-e1582617915572.jpg\" data-link=\"https:\/\/etab.ac-reunion.fr\/clg-edmond-albius\/?attachment_id=5347\" class=\"wp-image-5347\" srcset=\"https:\/\/etab.ac-reunion.fr\/clg-edmond-albius\/wp-content\/uploads\/sites\/67\/2020\/02\/IMG-2692-rotated-e1582617915572.jpg 336w, https:\/\/etab.ac-reunion.fr\/clg-edmond-albius\/wp-content\/uploads\/sites\/67\/2020\/02\/IMG-2692-rotated-e1582617915572-225x300.jpg 225w\" sizes=\"auto, (max-width: 336px) 100vw, 336px\" \/><\/figure><\/li><li class=\"blocks-gallery-item\"><figure><img loading=\"lazy\" decoding=\"async\" width=\"336\" height=\"448\" src=\"https:\/\/etab.ac-reunion.fr\/clg-edmond-albius\/wp-content\/uploads\/sites\/67\/2020\/02\/IMG-2693-rotated-e1582617895193.jpg\" alt=\"\" data-id=\"5348\" data-full-url=\"https:\/\/etab.ac-reunion.fr\/clg-edmond-albius\/wp-content\/uploads\/sites\/67\/2020\/02\/IMG-2693-rotated-e1582617895193.jpg\" data-link=\"https:\/\/etab.ac-reunion.fr\/clg-edmond-albius\/?attachment_id=5348\" class=\"wp-image-5348\" srcset=\"https:\/\/etab.ac-reunion.fr\/clg-edmond-albius\/wp-content\/uploads\/sites\/67\/2020\/02\/IMG-2693-rotated-e1582617895193.jpg 336w, https:\/\/etab.ac-reunion.fr\/clg-edmond-albius\/wp-content\/uploads\/sites\/67\/2020\/02\/IMG-2693-rotated-e1582617895193-225x300.jpg 225w\" sizes=\"auto, (max-width: 336px) 100vw, 336px\" \/><\/figure><\/li><\/ul><\/figure>\n\n\n\n<p>Il y a  4 gagnants. <\/p>\n\n\n\n<p>Le prix du meilleurs dessins \u00e9lus par le vote des \u00e9l\u00e8ves du coll\u00e8ge a \u00e9t\u00e9 d\u00e9cern\u00e9 \u00e0 VIDOT Menvil (3\u00e8me Jasmin)<\/p>\n\n\n\n<p><\/p>\n\n\n\n<p>Le jury compos\u00e9 de Mme SAIDOU, Mme MERCREDI et Mme Hoarau ont vot\u00e9 pour :<\/p>\n\n\n\n<ul class=\"wp-block-list\"><li> CUBAYNES VIDOT Tim\u00e9o (6\u00e8me jasmin)<\/li><li> JUNGLING Logan (4\u00e8me g\u00e9ranium)<\/li><li>PAYET Zacharie (3\u00e8me jasmin)<\/li><\/ul>\n\n\n\n<p>Le jeudi 30 janvier 2020 a lieu la remise des r\u00e9compenses.<\/p>\n\n\n\n<figure class=\"wp-block-gallery columns-1 is-cropped wp-block-gallery-2 is-layout-flex wp-block-gallery-is-layout-flex\"><ul class=\"blocks-gallery-grid\"><li class=\"blocks-gallery-item\"><figure><img loading=\"lazy\" decoding=\"async\" width=\"448\" height=\"336\" src=\"https:\/\/etab.ac-reunion.fr\/clg-edmond-albius\/wp-content\/uploads\/sites\/67\/2020\/02\/IMG-2633.jpg\" alt=\"\" data-id=\"5355\" data-full-url=\"https:\/\/etab.ac-reunion.fr\/clg-edmond-albius\/wp-content\/uploads\/sites\/67\/2020\/02\/IMG-2633.jpg\" data-link=\"https:\/\/etab.ac-reunion.fr\/clg-edmond-albius\/?attachment_id=5355\" class=\"wp-image-5355\" srcset=\"https:\/\/etab.ac-reunion.fr\/clg-edmond-albius\/wp-content\/uploads\/sites\/67\/2020\/02\/IMG-2633.jpg 448w, https:\/\/etab.ac-reunion.fr\/clg-edmond-albius\/wp-content\/uploads\/sites\/67\/2020\/02\/IMG-2633-300x225.jpg 300w\" sizes=\"auto, (max-width: 448px) 100vw, 448px\" \/><\/figure><\/li><\/ul><\/figure>\n\n\n\n<p>Le jury f\u00e9licite et remercie tous les participants pour leur dessin.<\/p>\n\n\n\n<p>A bient\u00f4t pour un prochain concours !<\/p>\n","protected":false},"excerpt":{"rendered":"<p>Du 28 novembre au 19 d\u00e9cembre 2019 un grand concours de dessin a \u00e9t\u00e9 lanc\u00e9. Le th\u00e8me du concours est \u00ab\u00a0No\u00ebl en Manga\u00a0\u00bb Les dessins des participants sont expos\u00e9s au CDI. Il y a 4 gagnants. Le prix du meilleurs dessins \u00e9lus par le vote des \u00e9l\u00e8ves du coll\u00e8ge a&#8230;<\/p>\n<p> <a class=\"continue-reading-link\" href=\"https:\/\/etab.ac-reunion.fr\/clg-edmond-albius\/concours-de-mangas\/\"><span>Lire plus &#8230;<\/span><i class=\"crycon-right-dir\"><\/i><\/a> <\/p>\n","protected":false},"author":17670,"featured_media":5349,"comment_status":"closed","ping_status":"open","sticky":false,"template":"","format":"standard","meta":{"footnotes":""},"categories":[1],"tags":[],"class_list":["post-5346","post","type-post","status-publish","format-standard","has-post-thumbnail","hentry","category-non-classe"],"_links":{"self":[{"href":"https:\/\/etab.ac-reunion.fr\/clg-edmond-albius\/wp-json\/wp\/v2\/posts\/5346","targetHints":{"allow":["GET"]}}],"collection":[{"href":"https:\/\/etab.ac-reunion.fr\/clg-edmond-albius\/wp-json\/wp\/v2\/posts"}],"about":[{"href":"https:\/\/etab.ac-reunion.fr\/clg-edmond-albius\/wp-json\/wp\/v2\/types\/post"}],"author":[{"embeddable":true,"href":"https:\/\/etab.ac-reunion.fr\/clg-edmond-albius\/wp-json\/wp\/v2\/users\/17670"}],"replies":[{"embeddable":true,"href":"https:\/\/etab.ac-reunion.fr\/clg-edmond-albius\/wp-json\/wp\/v2\/comments?post=5346"}],"version-history":[{"count":10,"href":"https:\/\/etab.ac-reunion.fr\/clg-edmond-albius\/wp-json\/wp\/v2\/posts\/5346\/revisions"}],"predecessor-version":[{"id":5366,"href":"https:\/\/etab.ac-reunion.fr\/clg-edmond-albius\/wp-json\/wp\/v2\/posts\/5346\/revisions\/5366"}],"wp:featuredmedia":[{"embeddable":true,"href":"https:\/\/etab.ac-reunion.fr\/clg-edmond-albius\/wp-json\/wp\/v2\/media\/5349"}],"wp:attachment":[{"href":"https:\/\/etab.ac-reunion.fr\/clg-edmond-albius\/wp-json\/wp\/v2\/media?parent=5346"}],"wp:term":[{"taxonomy":"category","embeddable":true,"href":"https:\/\/etab.ac-reunion.fr\/clg-edmond-albius\/wp-json\/wp\/v2\/categories?post=5346"},{"taxonomy":"post_tag","embeddable":true,"href":"https:\/\/etab.ac-reunion.fr\/clg-edmond-albius\/wp-json\/wp\/v2\/tags?post=5346"}],"curies":[{"name":"wp","href":"https:\/\/api.w.org\/{rel}","templated":true}]}}