{"id":5373,"date":"2020-03-24T18:31:00","date_gmt":"2020-03-24T14:31:00","guid":{"rendered":"http:\/\/college-edmond-albius.ac-reunion.fr\/?p=5373"},"modified":"2020-03-31T19:09:08","modified_gmt":"2020-03-31T15:09:08","slug":"la-semaine-de-la-presse-et-des-medias-a-la-maison","status":"publish","type":"post","link":"https:\/\/etab.ac-reunion.fr\/clg-edmond-albius\/la-semaine-de-la-presse-et-des-medias-a-la-maison\/","title":{"rendered":"La Semaine de la Presse et des M\u00e9dias \u00e0 la Maison"},"content":{"rendered":"\n<figure class=\"wp-block-image size-large\"><img decoding=\"async\" src=\"https:\/\/www.reseau-canope.fr\/fileadmin\/user_upload\/Actualites\/img\/semaine_presse_2020_bandeau.jpg\" alt=\"\" \/><\/figure>\n\n\n\n<p>Cette ann\u00e9e, dans le contexte exceptionnel li\u00e9 au COVID-19 et pour garantir la continuit\u00e9 p\u00e9dagogique, La Semaine de la presse et des m\u00e9dias dans l\u2019\u00c9cole s\u2019adapte \u00e0 la situation sanitaire et devient la Semaine de la Presse et des M\u00e9dias \u00e0 la Maison.<\/p>\n\n\n\n<p> Cette  Semaine a pour objectif d&rsquo;aider les \u00e9l\u00e8ves  \u00e0  comprendre le syst\u00e8me des m\u00e9dias, former leur jugement&nbsp;critique, d\u00e9velopper&nbsp;leur go\u00fbt pour l&rsquo;actualit\u00e9 et se forger leur identit\u00e9 de citoyen.&nbsp;<\/p>\n\n\n\n<p>Les enseignants des \u00e9coles, coll\u00e8ges et lyc\u00e9es inscrits participent avec leurs \u00e9l\u00e8ves \u00e0 cette op\u00e9ration organis\u00e9e par le Centre pour l&rsquo;\u00e9ducation aux m\u00e9dias et \u00e0 l&rsquo;information (CLEMI).<\/p>\n\n\n\n<p><strong> Le th\u00e8me de cette \u00e9dition est \u00ab\u00a0L&rsquo;information sans fronti\u00e8res ?\u00a0\u00bb.&nbsp;&nbsp;  <\/strong><\/p>\n\n\n\n<p>Afin de travailler lors de la Semaine de la Presse, voici diff\u00e9rentes activit\u00e9s que les \u00e9l\u00e8ves peuvent faire \u00e0 la maison: <\/p>\n\n\n\n<ul class=\"wp-block-list\"><li><a rel=\"noreferrer noopener\" aria-label=\"Testez vos connaissances sur le vocabulaire de la presse et des m\u00e9dias (s\u2019ouvre dans un nouvel onglet)\" href=\"https:\/\/etab.ac-reunion.fr\/clg-edmond-albius\/wp-content\/uploads\/sites\/67\/2020\/03\/test.pdf\" target=\"_blank\">Testez vos connaissances sur le vocabulaire de la presse et des m\u00e9dias<\/a><\/li><li><a href=\"https:\/\/etab.ac-reunion.fr\/clg-edmond-albius\/wp-content\/uploads\/sites\/67\/2020\/03\/CLEMI__L_information_et_ses_sources_fiche_eleves.pdf\" target=\"_blank\" rel=\"noreferrer noopener\" aria-label=\" (s\u2019ouvre dans un nouvel onglet)\">Comprendre qu&rsquo;est-ce q&rsquo;une information et quelles sont les sources?<\/a><\/li><li><a rel=\"noreferrer noopener\" aria-label=\"Comment d\u00e9m\u00ealer le vrai du faux de l'info&nbsp;? (s\u2019ouvre dans un nouvel onglet)\" href=\"https:\/\/etab.ac-reunion.fr\/clg-edmond-albius\/wp-content\/uploads\/sites\/67\/2020\/03\/d\u00e9m\u00e9ler-linfo.pdf\" target=\"_blank\">Comment d\u00e9m\u00ealer le vrai du faux &nbsp;?<\/a><\/li><\/ul>\n\n\n\n<p><em>Pour avoir les r\u00e9ponses, faites la demande au professeure-documentaliste<\/em> !<\/p>\n\n\n\n<p>Quelques liens pour aller plus loin : <\/p>\n\n\n\n<ul class=\"wp-block-list\"><li>Lire l&rsquo;actu :  <a href=\"http:\/\/lirelactu.fr\/\">http:\/\/lirelactu.fr\/<\/a> <\/li><li>La cl\u00e9s des m\u00e9dias :  <a href=\"https:\/\/www.lumni.fr\/programme\/les-cles-des-medias\">https:\/\/www.lumni.fr\/programme\/les-cles-des-medias<\/a> <\/li><li> le Petit lib\u00e9ration : <a href=\"https:\/\/ptitlibe.liberation.fr\/\">https:\/\/ptitlibe.liberation.fr\/<\/a> <\/li><\/ul>\n\n\n\n<p><\/p>\n","protected":false},"excerpt":{"rendered":"<p>Cette ann\u00e9e, dans le contexte exceptionnel li\u00e9 au COVID-19 et pour garantir la continuit\u00e9 p\u00e9dagogique, La Semaine de la presse et des m\u00e9dias dans l\u2019\u00c9cole s\u2019adapte \u00e0 la situation sanitaire et devient la Semaine de la Presse et des M\u00e9dias \u00e0 la Maison. Cette Semaine a pour objectif d&rsquo;aider les&#8230;<\/p>\n<p> <a class=\"continue-reading-link\" href=\"https:\/\/etab.ac-reunion.fr\/clg-edmond-albius\/la-semaine-de-la-presse-et-des-medias-a-la-maison\/\"><span>Lire plus &#8230;<\/span><i class=\"crycon-right-dir\"><\/i><\/a> <\/p>\n","protected":false},"author":17670,"featured_media":5376,"comment_status":"closed","ping_status":"open","sticky":false,"template":"","format":"standard","meta":{"footnotes":""},"categories":[1],"tags":[],"class_list":["post-5373","post","type-post","status-publish","format-standard","has-post-thumbnail","hentry","category-non-classe"],"_links":{"self":[{"href":"https:\/\/etab.ac-reunion.fr\/clg-edmond-albius\/wp-json\/wp\/v2\/posts\/5373","targetHints":{"allow":["GET"]}}],"collection":[{"href":"https:\/\/etab.ac-reunion.fr\/clg-edmond-albius\/wp-json\/wp\/v2\/posts"}],"about":[{"href":"https:\/\/etab.ac-reunion.fr\/clg-edmond-albius\/wp-json\/wp\/v2\/types\/post"}],"author":[{"embeddable":true,"href":"https:\/\/etab.ac-reunion.fr\/clg-edmond-albius\/wp-json\/wp\/v2\/users\/17670"}],"replies":[{"embeddable":true,"href":"https:\/\/etab.ac-reunion.fr\/clg-edmond-albius\/wp-json\/wp\/v2\/comments?post=5373"}],"version-history":[{"count":14,"href":"https:\/\/etab.ac-reunion.fr\/clg-edmond-albius\/wp-json\/wp\/v2\/posts\/5373\/revisions"}],"predecessor-version":[{"id":5407,"href":"https:\/\/etab.ac-reunion.fr\/clg-edmond-albius\/wp-json\/wp\/v2\/posts\/5373\/revisions\/5407"}],"wp:featuredmedia":[{"embeddable":true,"href":"https:\/\/etab.ac-reunion.fr\/clg-edmond-albius\/wp-json\/wp\/v2\/media\/5376"}],"wp:attachment":[{"href":"https:\/\/etab.ac-reunion.fr\/clg-edmond-albius\/wp-json\/wp\/v2\/media?parent=5373"}],"wp:term":[{"taxonomy":"category","embeddable":true,"href":"https:\/\/etab.ac-reunion.fr\/clg-edmond-albius\/wp-json\/wp\/v2\/categories?post=5373"},{"taxonomy":"post_tag","embeddable":true,"href":"https:\/\/etab.ac-reunion.fr\/clg-edmond-albius\/wp-json\/wp\/v2\/tags?post=5373"}],"curies":[{"name":"wp","href":"https:\/\/api.w.org\/{rel}","templated":true}]}}