{"id":5380,"date":"2020-04-01T18:15:25","date_gmt":"2020-04-01T14:15:25","guid":{"rendered":"http:\/\/college-edmond-albius.ac-reunion.fr\/?p=5380"},"modified":"2020-04-01T19:16:02","modified_gmt":"2020-04-01T15:16:02","slug":"visite-virtuelle-de-musees","status":"publish","type":"post","link":"https:\/\/etab.ac-reunion.fr\/clg-edmond-albius\/visite-virtuelle-de-musees\/","title":{"rendered":"Visite virtuelle de mus\u00e9es"},"content":{"rendered":"\n<p><\/p>\n\n\n\n<p><\/p>\n\n\n\n<p><\/p>\n\n\n\n<p><\/p>\n\n\n\n<p><\/p>\n\n\n\n<p><\/p>\n\n\n\n<p><\/p>\n\n\n\n<p><\/p>\n\n\n\n<p><\/p>\n\n\n\n<p><\/p>\n\n\n\n<p><\/p>\n\n\n\n<p><\/p>\n\n\n\n<p><\/p>\n\n\n\n<p><\/p>\n\n\n\n<p><\/p>\n\n\n\n<p><\/p>\n\n\n\n<p><\/p>\n\n\n\n<p><\/p>\n\n\n\n<p><\/p>\n\n\n\n<p><\/p>\n\n\n\n<p><\/p>\n\n\n\n<p><\/p>\n\n\n\n<p><\/p>\n\n\n\n<p><\/p>\n\n\n\n<p><\/p>\n\n\n\n<p><\/p>\n\n\n\n<p><\/p>\n\n\n\n<p><\/p>\n\n\n\n<p><\/p>\n\n\n\n<p><\/p>\n\n\n\n<p><\/p>\n\n\n\n<p class=\"has-medium-font-size\">Plusieurs&nbsp;<strong>Mus\u00e9es<\/strong>&nbsp;du&nbsp;<strong>monde<\/strong>&nbsp;et de&nbsp;<strong>France<\/strong>&nbsp;mais aussi des <strong>Monuments c\u00e9l\u00e8bres<\/strong> sont accessibles gr\u00e2ce \u00e0 des visites virtuelles.<\/p>\n\n\n\n<p class=\"has-medium-font-size\">Ces visites qui permettent de d\u00e9couvrir des \u0153uvres sans bouger de chez soi.&nbsp;<\/p>\n\n\n\n<p class=\"has-medium-font-size\">Voici quelques sites : <\/p>\n\n\n\n<p><\/p>\n\n\n\n<p class=\"has-text-color has-medium-font-size has-very-dark-gray-color\">-Le\u00a0<strong><a href=\"https:\/\/www.louvre.fr\/visites-en-ligne\" target=\"_blank\" rel=\"noreferrer noopener\" aria-label=\"Louvre (s\u2019ouvre dans un nouvel onglet)\">Louvre<\/a><\/strong> \u00e0  Paris\u00a0<\/p>\n\n\n\n<figure class=\"wp-block-image size-large is-resized\"><a href=\"\/\/www.louvre.fr\/visites-en-ligne\"><img loading=\"lazy\" decoding=\"async\" src=\"https:\/\/journalmetro.com\/wp-content\/uploads\/2019\/08\/iStock-694894604.jpg?w=860\" alt=\"\" width=\"318\" height=\"166\" \/><\/a><\/figure>\n\n\n\n<p class=\"has-text-color has-medium-font-size has-very-dark-gray-color\">&#8211;<strong><a rel=\"noreferrer noopener\" aria-label=\"Le Mus\u00e9e de l'Orangerie (s\u2019ouvre dans un nouvel onglet)\" href=\"https:\/\/www.musee-orangerie.fr\/fr\/article\/visite-virtuelle-des-nympheas\" target=\"_blank\">Le Mus\u00e9e de l&rsquo;Orangerie<\/a><\/strong> avec la visite des Nymph\u00e9as de Claude Monet <\/p>\n\n\n\n<p class=\"has-medium-font-size\">&#8211;<a rel=\"noreferrer noopener\" aria-label=\"Le ch\u00e2teau de Versailles  (s\u2019ouvre dans un nouvel onglet)\" href=\"http:\/\/www.chateauversailles.fr\/decouvrir\" target=\"_blank\"><strong>Le ch\u00e2teau de Versailles<\/strong> <\/a><\/p>\n\n\n\n<p class=\"has-medium-font-size\">&#8211;<a href=\"https:\/\/artsandculture.google.com\/partner\/tour-eiffel\" target=\"_blank\" rel=\"noreferrer noopener\" aria-label=\"La Tour Eiffel  (s\u2019ouvre dans un nouvel onglet)\"><strong>La Tour Eiffel<\/strong> <\/a><\/p>\n\n\n\n<div class=\"wp-block-group\"><div class=\"wp-block-group__inner-container is-layout-flow wp-block-group-is-layout-flow\">\n<p class=\"has-text-color has-medium-font-size has-very-dark-gray-color\">&#8211;<strong><a href=\"https:\/\/artsandculture.google.com\/streetview\/op%C3%A9ra-national-de-paris\/MwFixmW5o_f5jw\">L&rsquo;Op\u00e9ra\u00a0Garnier<\/a><\/strong><a href=\"https:\/\/artsandculture.google.com\/streetview\/op%C3%A9ra-national-de-paris\/MwFixmW5o_f5jw?sv_lng=2.33164307268342&amp;sv_lat=48.87215089180122&amp;sv_h=164.93&amp;sv_p=0&amp;sv_pid=yhSFWB9ONtfp29xwyB2BTw&amp;sv_z=1\"> <\/a><\/p>\n<\/div><\/div>\n\n\n\n<figure class=\"wp-block-image size-large\"><a href=\"artsandculture.google.com\" target=\"_blank\" rel=\"noreferrer noopener\"><img decoding=\"async\" src=\"https:\/\/etab.ac-reunion.fr\/clg-edmond-albius\/wp-content\/uploads\/sites\/67\/2020\/04\/t\u00e9l\u00e9chargement-1.jpg\" alt=\"\" class=\"wp-image-5409\" \/><\/a><\/figure>\n\n\n\n<p class=\"has-text-color has-medium-font-size has-very-dark-gray-color\">&#8211;<strong><a rel=\"noreferrer noopener\" aria-label=\" The Metropolitan Museum of Art (s\u2019ouvre dans un nouvel onglet)\" href=\"https:\/\/artsandculture.google.com\/partner\/the-metropolitan-museum-of-art\" target=\"_blank\"> The Metropolitan Museum of Art<\/a><\/strong>, New York City, le MET <\/p>\n\n\n\n<p class=\"has-text-color has-medium-font-size has-very-dark-gray-color\"><strong> &#8211;<a rel=\"noreferrer noopener\" aria-label=\"The\u00a0Museum of Modern Art (s\u2019ouvre dans un nouvel onglet)\" href=\"https:\/\/artsandculture.google.com\/partner\/moma-the-museum-of-modern-art\" target=\"_blank\">The\u00a0Museum of Modern Art<\/a> (MOMA), New York<\/strong><\/p>\n\n\n\n<p class=\"has-text-color has-medium-font-size has-very-dark-gray-color\">&#8211;<strong><a rel=\"noreferrer noopener\" aria-label=\" (s\u2019ouvre dans un nouvel onglet)\" href=\"https:\/\/www.idboox.com\/culture\/confinement-expo-pompei-annulee-vivez-la-en-3d-et-en-realite-augmentee-chez-vous\/\" target=\"_blank\">L&rsquo;exposition Pompei<\/a><\/strong>, pr\u00e9vue au Grand Palais <\/p>\n\n\n\n<p><\/p>\n\n\n\n<p style=\"font-size:30px\">Bonne visite!!!<\/p>\n\n\n\n<p><\/p>\n","protected":false},"excerpt":{"rendered":"<p>Plusieurs&nbsp;Mus\u00e9es&nbsp;du&nbsp;monde&nbsp;et de&nbsp;France&nbsp;mais aussi des Monuments c\u00e9l\u00e8bres sont accessibles gr\u00e2ce \u00e0 des visites virtuelles. Ces visites qui permettent de d\u00e9couvrir des \u0153uvres sans bouger de chez soi.&nbsp; Voici quelques sites : -Le\u00a0Louvre \u00e0 Paris\u00a0 &#8211;Le Mus\u00e9e de l&rsquo;Orangerie avec la visite des Nymph\u00e9as de Claude Monet &#8211;Le ch\u00e2teau de Versailles &#8211;La&#8230;<\/p>\n<p> <a class=\"continue-reading-link\" href=\"https:\/\/etab.ac-reunion.fr\/clg-edmond-albius\/visite-virtuelle-de-musees\/\"><span>Lire plus &#8230;<\/span><i class=\"crycon-right-dir\"><\/i><\/a> <\/p>\n","protected":false},"author":17670,"featured_media":5431,"comment_status":"closed","ping_status":"open","sticky":false,"template":"","format":"standard","meta":{"footnotes":""},"categories":[1],"tags":[],"class_list":["post-5380","post","type-post","status-publish","format-standard","has-post-thumbnail","hentry","category-non-classe"],"_links":{"self":[{"href":"https:\/\/etab.ac-reunion.fr\/clg-edmond-albius\/wp-json\/wp\/v2\/posts\/5380","targetHints":{"allow":["GET"]}}],"collection":[{"href":"https:\/\/etab.ac-reunion.fr\/clg-edmond-albius\/wp-json\/wp\/v2\/posts"}],"about":[{"href":"https:\/\/etab.ac-reunion.fr\/clg-edmond-albius\/wp-json\/wp\/v2\/types\/post"}],"author":[{"embeddable":true,"href":"https:\/\/etab.ac-reunion.fr\/clg-edmond-albius\/wp-json\/wp\/v2\/users\/17670"}],"replies":[{"embeddable":true,"href":"https:\/\/etab.ac-reunion.fr\/clg-edmond-albius\/wp-json\/wp\/v2\/comments?post=5380"}],"version-history":[{"count":33,"href":"https:\/\/etab.ac-reunion.fr\/clg-edmond-albius\/wp-json\/wp\/v2\/posts\/5380\/revisions"}],"predecessor-version":[{"id":5439,"href":"https:\/\/etab.ac-reunion.fr\/clg-edmond-albius\/wp-json\/wp\/v2\/posts\/5380\/revisions\/5439"}],"wp:featuredmedia":[{"embeddable":true,"href":"https:\/\/etab.ac-reunion.fr\/clg-edmond-albius\/wp-json\/wp\/v2\/media\/5431"}],"wp:attachment":[{"href":"https:\/\/etab.ac-reunion.fr\/clg-edmond-albius\/wp-json\/wp\/v2\/media?parent=5380"}],"wp:term":[{"taxonomy":"category","embeddable":true,"href":"https:\/\/etab.ac-reunion.fr\/clg-edmond-albius\/wp-json\/wp\/v2\/categories?post=5380"},{"taxonomy":"post_tag","embeddable":true,"href":"https:\/\/etab.ac-reunion.fr\/clg-edmond-albius\/wp-json\/wp\/v2\/tags?post=5380"}],"curies":[{"name":"wp","href":"https:\/\/api.w.org\/{rel}","templated":true}]}}