{"id":5813,"date":"2021-01-22T11:45:08","date_gmt":"2021-01-22T07:45:08","guid":{"rendered":"http:\/\/college-edmond-albius.ac-reunion.fr\/?p=5813"},"modified":"2021-01-22T11:45:12","modified_gmt":"2021-01-22T07:45:12","slug":"jeux-en-allemand-en-6eme","status":"publish","type":"post","link":"https:\/\/etab.ac-reunion.fr\/clg-edmond-albius\/jeux-en-allemand-en-6eme\/","title":{"rendered":"Jeux en allemand en 6\u00e8me !"},"content":{"rendered":"\n<p><\/p>\n\n\n\n<p><\/p>\n\n\n\n<p><\/p>\n\n\n\n<p><\/p>\n\n\n\n<p><\/p>\n\n\n\n<p><\/p>\n\n\n\n<p><\/p>\n\n\n\n<p><\/p>\n\n\n\n<p><\/p>\n\n\n\n<p><\/p>\n\n\n\n<p><\/p>\n\n\n\n<p><\/p>\n\n\n\n<p><\/p>\n\n\n\n<p><\/p>\n\n\n\n<p><\/p>\n\n\n\n<p><\/p>\n\n\n\n<p><\/p>\n\n\n\n<p><\/p>\n\n\n\n<p><\/p>\n\n\n\n<p><\/p>\n\n\n\n<p><\/p>\n\n\n\n<p><\/p>\n\n\n\n<p>Manuela T\u00fcchler , jeune Autrichienne, lectrice de la \u00ab\u00a0Deutschauto\u00a0\u00bb, est<br>venue dans notre coll\u00e8ge pour faire d\u00e9couvrir aux \u00e9l\u00e8ves de sixi\u00e8me la<br>langue allemande gr\u00e2ce \u00e0 de nombreuses activit\u00e9s ludiques. Merci \u00e0 Manuela<br>et un grand bravo \u00e0 tous les \u00e9l\u00e8ves qui ont particip\u00e9 \u00e0 cette action avec<br>beaucoup de dynamisme !<br>Pour d\u00e9couvrir la \u00ab\u00a0Deutschauto\u00a0\u00bb (la voiture de l&rsquo;allemand), vous pouvez<br>aller sur le site du rectorat suivant :<br><a rel=\"noreferrer noopener\" href=\"https:\/\/pedagogie.ac-reunion.fr\/allemand\/actions\/deutschauto.html\" target=\"_blank\">https:\/\/pedagogie.ac-reunion.fr\/allemand\/actions\/deutschauto.html<\/a><\/p>\n\n\n\n<p><\/p>\n\n\n<p>[su_image_carousel source=\u00a0\u00bbmedia: 5814,5815&Prime; limit=\u00a0\u00bb10&Prime; crop=\u00a0\u00bb4:5&Prime; align=\u00a0\u00bbcenter\u00a0\u00bb autoplay=\u00a0\u00bb10&Prime;]<\/p>\n","protected":false},"excerpt":{"rendered":"<p>Manuela T\u00fcchler , jeune Autrichienne, lectrice de la \u00ab\u00a0Deutschauto\u00a0\u00bb, estvenue dans notre coll\u00e8ge pour faire d\u00e9couvrir aux \u00e9l\u00e8ves de sixi\u00e8me lalangue allemande gr\u00e2ce \u00e0 de nombreuses activit\u00e9s ludiques. Merci \u00e0 Manuelaet un grand bravo \u00e0 tous les \u00e9l\u00e8ves qui ont particip\u00e9 \u00e0 cette action avecbeaucoup de dynamisme !Pour d\u00e9couvrir la&#8230;<\/p>\n<p> <a class=\"continue-reading-link\" href=\"https:\/\/etab.ac-reunion.fr\/clg-edmond-albius\/jeux-en-allemand-en-6eme\/\"><span>Lire plus &#8230;<\/span><i class=\"crycon-right-dir\"><\/i><\/a> <\/p>\n","protected":false},"author":28003,"featured_media":5815,"comment_status":"closed","ping_status":"open","sticky":false,"template":"","format":"standard","meta":{"footnotes":""},"categories":[22],"tags":[],"class_list":["post-5813","post","type-post","status-publish","format-standard","has-post-thumbnail","hentry","category-allemand"],"_links":{"self":[{"href":"https:\/\/etab.ac-reunion.fr\/clg-edmond-albius\/wp-json\/wp\/v2\/posts\/5813","targetHints":{"allow":["GET"]}}],"collection":[{"href":"https:\/\/etab.ac-reunion.fr\/clg-edmond-albius\/wp-json\/wp\/v2\/posts"}],"about":[{"href":"https:\/\/etab.ac-reunion.fr\/clg-edmond-albius\/wp-json\/wp\/v2\/types\/post"}],"author":[{"embeddable":true,"href":"https:\/\/etab.ac-reunion.fr\/clg-edmond-albius\/wp-json\/wp\/v2\/users\/28003"}],"replies":[{"embeddable":true,"href":"https:\/\/etab.ac-reunion.fr\/clg-edmond-albius\/wp-json\/wp\/v2\/comments?post=5813"}],"version-history":[{"count":1,"href":"https:\/\/etab.ac-reunion.fr\/clg-edmond-albius\/wp-json\/wp\/v2\/posts\/5813\/revisions"}],"predecessor-version":[{"id":5816,"href":"https:\/\/etab.ac-reunion.fr\/clg-edmond-albius\/wp-json\/wp\/v2\/posts\/5813\/revisions\/5816"}],"wp:featuredmedia":[{"embeddable":true,"href":"https:\/\/etab.ac-reunion.fr\/clg-edmond-albius\/wp-json\/wp\/v2\/media\/5815"}],"wp:attachment":[{"href":"https:\/\/etab.ac-reunion.fr\/clg-edmond-albius\/wp-json\/wp\/v2\/media?parent=5813"}],"wp:term":[{"taxonomy":"category","embeddable":true,"href":"https:\/\/etab.ac-reunion.fr\/clg-edmond-albius\/wp-json\/wp\/v2\/categories?post=5813"},{"taxonomy":"post_tag","embeddable":true,"href":"https:\/\/etab.ac-reunion.fr\/clg-edmond-albius\/wp-json\/wp\/v2\/tags?post=5813"}],"curies":[{"name":"wp","href":"https:\/\/api.w.org\/{rel}","templated":true}]}}