{"id":5945,"date":"2021-04-14T11:23:36","date_gmt":"2021-04-14T07:23:36","guid":{"rendered":"http:\/\/college-edmond-albius.ac-reunion.fr\/?p=5945"},"modified":"2021-04-14T11:37:43","modified_gmt":"2021-04-14T07:37:43","slug":"le-1er-festival-des-metiers-et-des-formations-100-en-ligne","status":"publish","type":"post","link":"https:\/\/etab.ac-reunion.fr\/clg-edmond-albius\/le-1er-festival-des-metiers-et-des-formations-100-en-ligne\/","title":{"rendered":"LE 1ER FESTIVAL DES M\u00c9TIERS ET DES FORMATIONS 100% EN LIGNE"},"content":{"rendered":"\n<p class=\"has-medium-font-size\">Les&nbsp;<strong>PARCOURSM\u00c9TIERS AWARDS &#8211; 2021&nbsp;<\/strong>pr\u00e9sente pendant sept semaines<strong>&nbsp;1100 films<\/strong>, tous r\u00e9alis\u00e9s entre le 1er septembre 2020 et le 30 mars 2021 par des jeunes et enseignants de l&rsquo;enseignement sup\u00e9rieur, du lyc\u00e9e, du coll\u00e8ge , d&rsquo;associations&#8230; mais aussi d&rsquo;adultes en centre de formation, permettant ainsi de d\u00e9couvrir leurs visions de&nbsp;<strong>plus de 400 m\u00e9tiers et 300 formations du CAP au doctorat<\/strong>.&nbsp;<\/p>\n\n\n\n<p class=\"has-medium-font-size\"><strong>PARCOURSMETIERS AWARDS<\/strong>&nbsp;vous propose d&rsquo;\u00eatre membre du jury public en votant, tout simplement, pour vos vid\u00e9os pr\u00e9f\u00e9r\u00e9es. Les vid\u00e9os pr\u00e9f\u00e9r\u00e9es du jury dans chaque cat\u00e9gorie seront propos\u00e9es en finale, dans la cat\u00e9gorie&nbsp;<strong>BEST OF<\/strong>&nbsp;o\u00f9 seront d\u00e9cern\u00e9s les&nbsp;<strong>GRANDS PRIX<\/strong>&nbsp;<strong>PARCOURSMETIERS AWARDS<\/strong>.<br>Un festival pas comme les autres: en votant pour vos vid\u00e9os pr\u00e9f\u00e9r\u00e9es, vous pouvez&nbsp;<strong>gagner une cam\u00e9ra sport ou une tablette<\/strong>.<\/p>\n\n\n\n<h4 class=\"wp-block-heading\">Le coll\u00e8ge Edmond Albius participe \u00e0 ce festival vous pouvez visionner et voter pour la vid\u00e9o de nos \u00e9l\u00e8ves en cliquant sur ce lien :<a href=\"https:\/\/www.parcoursmetiers.tv\/video\/12202-chaudronnier-ma-passion\">https:\/\/www.parcoursmetiers.tv\/video\/12202-chaudronnier-ma-passion<\/a><\/h4>\n","protected":false},"excerpt":{"rendered":"<p>Les&nbsp;PARCOURSM\u00c9TIERS AWARDS &#8211; 2021&nbsp;pr\u00e9sente pendant sept semaines&nbsp;1100 films, tous r\u00e9alis\u00e9s entre le 1er septembre 2020 et le 30 mars 2021 par des jeunes et enseignants de l&rsquo;enseignement sup\u00e9rieur, du lyc\u00e9e, du coll\u00e8ge , d&rsquo;associations&#8230; mais aussi d&rsquo;adultes en centre de formation, permettant ainsi de d\u00e9couvrir leurs visions de&nbsp;plus de 400&#8230;<\/p>\n<p> <a class=\"continue-reading-link\" href=\"https:\/\/etab.ac-reunion.fr\/clg-edmond-albius\/le-1er-festival-des-metiers-et-des-formations-100-en-ligne\/\"><span>Lire plus &#8230;<\/span><i class=\"crycon-right-dir\"><\/i><\/a> <\/p>\n","protected":false},"author":17670,"featured_media":5947,"comment_status":"closed","ping_status":"open","sticky":false,"template":"","format":"standard","meta":{"footnotes":""},"categories":[1],"tags":[],"class_list":["post-5945","post","type-post","status-publish","format-standard","has-post-thumbnail","hentry","category-non-classe"],"_links":{"self":[{"href":"https:\/\/etab.ac-reunion.fr\/clg-edmond-albius\/wp-json\/wp\/v2\/posts\/5945","targetHints":{"allow":["GET"]}}],"collection":[{"href":"https:\/\/etab.ac-reunion.fr\/clg-edmond-albius\/wp-json\/wp\/v2\/posts"}],"about":[{"href":"https:\/\/etab.ac-reunion.fr\/clg-edmond-albius\/wp-json\/wp\/v2\/types\/post"}],"author":[{"embeddable":true,"href":"https:\/\/etab.ac-reunion.fr\/clg-edmond-albius\/wp-json\/wp\/v2\/users\/17670"}],"replies":[{"embeddable":true,"href":"https:\/\/etab.ac-reunion.fr\/clg-edmond-albius\/wp-json\/wp\/v2\/comments?post=5945"}],"version-history":[{"count":8,"href":"https:\/\/etab.ac-reunion.fr\/clg-edmond-albius\/wp-json\/wp\/v2\/posts\/5945\/revisions"}],"predecessor-version":[{"id":5954,"href":"https:\/\/etab.ac-reunion.fr\/clg-edmond-albius\/wp-json\/wp\/v2\/posts\/5945\/revisions\/5954"}],"wp:featuredmedia":[{"embeddable":true,"href":"https:\/\/etab.ac-reunion.fr\/clg-edmond-albius\/wp-json\/wp\/v2\/media\/5947"}],"wp:attachment":[{"href":"https:\/\/etab.ac-reunion.fr\/clg-edmond-albius\/wp-json\/wp\/v2\/media?parent=5945"}],"wp:term":[{"taxonomy":"category","embeddable":true,"href":"https:\/\/etab.ac-reunion.fr\/clg-edmond-albius\/wp-json\/wp\/v2\/categories?post=5945"},{"taxonomy":"post_tag","embeddable":true,"href":"https:\/\/etab.ac-reunion.fr\/clg-edmond-albius\/wp-json\/wp\/v2\/tags?post=5945"}],"curies":[{"name":"wp","href":"https:\/\/api.w.org\/{rel}","templated":true}]}}