{"id":6101,"date":"2021-10-27T10:50:25","date_gmt":"2021-10-27T06:50:25","guid":{"rendered":"http:\/\/college-edmond-albius.ac-reunion.fr\/?p=6101"},"modified":"2021-10-27T10:51:20","modified_gmt":"2021-10-27T06:51:20","slug":"concert-de-tias","status":"publish","type":"post","link":"https:\/\/etab.ac-reunion.fr\/clg-edmond-albius\/concert-de-tias\/","title":{"rendered":"Concert de Tias"},"content":{"rendered":"\n<p class=\"has-text-align-left\">Dans le cadre de la \u00ab\u00a0somen Kr\u00e9ol\u00a0\u00bb, le chanteur r\u00e9unionnais Tias est venu le 26 octobre 2021 nous pr\u00e9senter sa musique. Ancien \u00e9l\u00e8ve du coll\u00e8ge Edmond Albius, il \u00e9tait \u00e9mu de revoir les endroits o\u00f9 il a pass\u00e9 ses ann\u00e9es d&rsquo;adolescent.<\/p>\n\n\n\n<p class=\"has-text-align-left\">Sa musique engag\u00e9e est un m\u00e9lange de rythmes cr\u00e9oles, de pop-folk et d&rsquo;acoustique, elle a beaucoup int\u00e9ress\u00e9 nos \u00e9l\u00e8ves, non initi\u00e9s.<\/p>\n\n\n\n<p class=\"has-text-align-left\">L&rsquo;artiste jouant seul nous a montr\u00e9 ses instruments et son mat\u00e9riel comme le looper permettant d&rsquo;enregistrer une s\u00e9quence de son, par exemple, et de la r\u00e9p\u00e9ter \u00e0 l&rsquo;infini.&nbsp;Ainsi que sa guitare Weissenborn, guitare cr\u00e9\u00e9e \u00e0 Hawa\u00ef se jouant \u00e0 plat sur les genoux \u00e0 l&rsquo;aide d&rsquo;un Tone bar que l&rsquo;on appuie sur les cordes.<\/p>\n\n\n\n<p class=\"has-text-align-left\">Des th\u00e8mes comme le respect, la tol\u00e9rance, la solidarit\u00e9 et la fraternit\u00e9 sont abord\u00e9s par Tias. Il a aussi mis en musique une chanson sur le harc\u00e8lement scolaire. <\/p>\n\n\n\n<p>Merci \u00e0 la mairie du Port et au dispositif \u00ab\u00a0Gu\u00e9tali\u00a0\u00bb de faire d\u00e9couvrir les artistes de la R\u00e9union et de participer \u00e0 l&rsquo;ouverture culturelle de nos \u00e9l\u00e8ves.<\/p>\n\n\n\n<p><\/p>\n\n\n<p>[su_image_carousel source=\u00a0\u00bbmedia: 6104,6105,6106,6107,6108,6109,6110,6111,6112,6113&Prime; limit=\u00a0\u00bb10&Prime; crop=\u00a0\u00bb4:5&Prime; align=\u00a0\u00bbcenter\u00a0\u00bb autoplay=\u00a0\u00bb10&Prime;]<\/p>\n","protected":false},"excerpt":{"rendered":"<p>Dans le cadre de la \u00ab\u00a0somen Kr\u00e9ol\u00a0\u00bb, le chanteur r\u00e9unionnais Tias est venu le 26 octobre 2021 nous pr\u00e9senter sa musique. Ancien \u00e9l\u00e8ve du coll\u00e8ge Edmond Albius, il \u00e9tait \u00e9mu de revoir les endroits o\u00f9 il a pass\u00e9 ses ann\u00e9es d&rsquo;adolescent. Sa musique engag\u00e9e est un m\u00e9lange de rythmes cr\u00e9oles,&#8230;<\/p>\n<p> <a class=\"continue-reading-link\" href=\"https:\/\/etab.ac-reunion.fr\/clg-edmond-albius\/concert-de-tias\/\"><span>Lire plus &#8230;<\/span><i class=\"crycon-right-dir\"><\/i><\/a> <\/p>\n","protected":false},"author":17670,"featured_media":6112,"comment_status":"closed","ping_status":"open","sticky":false,"template":"","format":"standard","meta":{"footnotes":""},"categories":[1],"tags":[],"class_list":["post-6101","post","type-post","status-publish","format-standard","has-post-thumbnail","hentry","category-non-classe"],"_links":{"self":[{"href":"https:\/\/etab.ac-reunion.fr\/clg-edmond-albius\/wp-json\/wp\/v2\/posts\/6101","targetHints":{"allow":["GET"]}}],"collection":[{"href":"https:\/\/etab.ac-reunion.fr\/clg-edmond-albius\/wp-json\/wp\/v2\/posts"}],"about":[{"href":"https:\/\/etab.ac-reunion.fr\/clg-edmond-albius\/wp-json\/wp\/v2\/types\/post"}],"author":[{"embeddable":true,"href":"https:\/\/etab.ac-reunion.fr\/clg-edmond-albius\/wp-json\/wp\/v2\/users\/17670"}],"replies":[{"embeddable":true,"href":"https:\/\/etab.ac-reunion.fr\/clg-edmond-albius\/wp-json\/wp\/v2\/comments?post=6101"}],"version-history":[{"count":5,"href":"https:\/\/etab.ac-reunion.fr\/clg-edmond-albius\/wp-json\/wp\/v2\/posts\/6101\/revisions"}],"predecessor-version":[{"id":6116,"href":"https:\/\/etab.ac-reunion.fr\/clg-edmond-albius\/wp-json\/wp\/v2\/posts\/6101\/revisions\/6116"}],"wp:featuredmedia":[{"embeddable":true,"href":"https:\/\/etab.ac-reunion.fr\/clg-edmond-albius\/wp-json\/wp\/v2\/media\/6112"}],"wp:attachment":[{"href":"https:\/\/etab.ac-reunion.fr\/clg-edmond-albius\/wp-json\/wp\/v2\/media?parent=6101"}],"wp:term":[{"taxonomy":"category","embeddable":true,"href":"https:\/\/etab.ac-reunion.fr\/clg-edmond-albius\/wp-json\/wp\/v2\/categories?post=6101"},{"taxonomy":"post_tag","embeddable":true,"href":"https:\/\/etab.ac-reunion.fr\/clg-edmond-albius\/wp-json\/wp\/v2\/tags?post=6101"}],"curies":[{"name":"wp","href":"https:\/\/api.w.org\/{rel}","templated":true}]}}