{"id":6314,"date":"2021-12-05T10:50:00","date_gmt":"2021-12-05T06:50:00","guid":{"rendered":"http:\/\/college-edmond-albius.ac-reunion.fr\/?p=6314"},"modified":"2022-01-23T18:53:10","modified_gmt":"2022-01-23T14:53:10","slug":"halloween-2021-au-cdi","status":"publish","type":"post","link":"https:\/\/etab.ac-reunion.fr\/clg-edmond-albius\/halloween-2021-au-cdi\/","title":{"rendered":"Halloween 2021 au CDI"},"content":{"rendered":"\n<p>Halloween est f\u00eate pa\u00efenne Anglo- saxonne qui est a lieu le 31 octobre. Traditionnellement, les enfants portent des&nbsp;costumes&nbsp;effrayants. Ils se d\u00e9guisent en cr\u00e9atures souvent d\u00e9test\u00e9es et craintes telles que les&nbsp;fant\u00f4mes, les&nbsp;vampires, les&nbsp;zombies&nbsp;ou encore les&nbsp;sorci\u00e8res&nbsp;pour sonner aux portes du voisinage en demandant des bonbons ou des p\u00e2tisseries. Les petits anglophones utilisent la formule \u00ab&nbsp;<em>Trick or treat&nbsp;!<\/em>&nbsp;\u00bb qui signifie \u00ab&nbsp;Des bonbons ou un sort&nbsp;!&nbsp;\u00bb pour demander ces friandises.<\/p>\n\n\n\n<p>Cette ann\u00e9e le CDI a \u00e9t\u00e9 d\u00e9cor\u00e9 au couleur d&rsquo;Halloween durant une semaine. <\/p>\n\n\n\n<figure class=\"wp-block-image size-large is-style-default\"><img loading=\"lazy\" decoding=\"async\" width=\"768\" height=\"1024\" src=\"https:\/\/etab.ac-reunion.fr\/clg-edmond-albius\/wp-content\/uploads\/sites\/67\/2022\/01\/IMG-4693-768x1024.jpg\" alt=\"\" class=\"wp-image-6321\" srcset=\"https:\/\/etab.ac-reunion.fr\/clg-edmond-albius\/wp-content\/uploads\/sites\/67\/2022\/01\/IMG-4693-768x1024.jpg 768w, https:\/\/etab.ac-reunion.fr\/clg-edmond-albius\/wp-content\/uploads\/sites\/67\/2022\/01\/IMG-4693-225x300.jpg 225w, https:\/\/etab.ac-reunion.fr\/clg-edmond-albius\/wp-content\/uploads\/sites\/67\/2022\/01\/IMG-4693-1152x1536.jpg 1152w, https:\/\/etab.ac-reunion.fr\/clg-edmond-albius\/wp-content\/uploads\/sites\/67\/2022\/01\/IMG-4693-1536x2048.jpg 1536w, https:\/\/etab.ac-reunion.fr\/clg-edmond-albius\/wp-content\/uploads\/sites\/67\/2022\/01\/IMG-4693-scaled.jpg 1920w\" sizes=\"auto, (max-width: 768px) 100vw, 768px\" \/><\/figure>\n\n\n\n<p>Des activit\u00e9s ont \u00e9t\u00e9 organis\u00e9es par les professeurs. Ici on vous montre les r\u00e9alisations de \u00e9l\u00e8ves de 6\u00e8me Aloes expos\u00e9es au CDI. Leur professeur de fran\u00e7ais, Mme Hoarau leur a demand\u00e9 de cr\u00e9er un \u00ab\u00a0dictionnaire des monstres\u00a0\u00bb. Voici les r\u00e9alisations : [su_image_carousel source=\u00a0\u00bbmedia: 6317,6318,6316,6315,6322,6323,6325,6326,6327,6328,6329,6330,6331&Prime; limit=\u00a0\u00bb10&Prime; crop=\u00a0\u00bb4:5&Prime; align=\u00a0\u00bbcenter\u00a0\u00bb autoplay=\u00a0\u00bb10&Prime;]<\/p>\n\n\n\n<p>Le club Manga a aussi organis\u00e9 un concours sur le th\u00e8me d&rsquo;halloween. Hyacinthe un \u00e9l\u00e8ve de 5\u00e8me Alo\u00e8s a gagn\u00e9 \u00e0 l&rsquo;unanimit\u00e9. Comme lot il a re\u00e7u un lot de feutre \u00e0 alcool et un carnet de dessin.<\/p>\n\n\n\n<figure class=\"wp-block-image size-large is-style-rounded\"><img loading=\"lazy\" decoding=\"async\" width=\"768\" height=\"1024\" src=\"https:\/\/etab.ac-reunion.fr\/clg-edmond-albius\/wp-content\/uploads\/sites\/67\/2022\/01\/IMG-4702-768x1024.jpg\" alt=\"\" class=\"wp-image-6333\" srcset=\"https:\/\/etab.ac-reunion.fr\/clg-edmond-albius\/wp-content\/uploads\/sites\/67\/2022\/01\/IMG-4702-768x1024.jpg 768w, https:\/\/etab.ac-reunion.fr\/clg-edmond-albius\/wp-content\/uploads\/sites\/67\/2022\/01\/IMG-4702-225x300.jpg 225w, https:\/\/etab.ac-reunion.fr\/clg-edmond-albius\/wp-content\/uploads\/sites\/67\/2022\/01\/IMG-4702-1152x1536.jpg 1152w, https:\/\/etab.ac-reunion.fr\/clg-edmond-albius\/wp-content\/uploads\/sites\/67\/2022\/01\/IMG-4702-1536x2048.jpg 1536w, https:\/\/etab.ac-reunion.fr\/clg-edmond-albius\/wp-content\/uploads\/sites\/67\/2022\/01\/IMG-4702-scaled.jpg 1920w\" sizes=\"auto, (max-width: 768px) 100vw, 768px\" \/><\/figure>\n\n\n\n<p> <\/p>\n","protected":false},"excerpt":{"rendered":"<p>Halloween est f\u00eate pa\u00efenne Anglo- saxonne qui est a lieu le 31 octobre. Traditionnellement, les enfants portent des&nbsp;costumes&nbsp;effrayants. Ils se d\u00e9guisent en cr\u00e9atures souvent d\u00e9test\u00e9es et craintes telles que les&nbsp;fant\u00f4mes, les&nbsp;vampires, les&nbsp;zombies&nbsp;ou encore les&nbsp;sorci\u00e8res&nbsp;pour sonner aux portes du voisinage en demandant des bonbons ou des p\u00e2tisseries. Les petits anglophones utilisent&#8230;<\/p>\n<p> <a class=\"continue-reading-link\" href=\"https:\/\/etab.ac-reunion.fr\/clg-edmond-albius\/halloween-2021-au-cdi\/\"><span>Lire plus &#8230;<\/span><i class=\"crycon-right-dir\"><\/i><\/a> <\/p>\n","protected":false},"author":17670,"featured_media":0,"comment_status":"closed","ping_status":"open","sticky":false,"template":"","format":"standard","meta":{"footnotes":""},"categories":[1],"tags":[],"class_list":["post-6314","post","type-post","status-publish","format-standard","hentry","category-non-classe"],"_links":{"self":[{"href":"https:\/\/etab.ac-reunion.fr\/clg-edmond-albius\/wp-json\/wp\/v2\/posts\/6314","targetHints":{"allow":["GET"]}}],"collection":[{"href":"https:\/\/etab.ac-reunion.fr\/clg-edmond-albius\/wp-json\/wp\/v2\/posts"}],"about":[{"href":"https:\/\/etab.ac-reunion.fr\/clg-edmond-albius\/wp-json\/wp\/v2\/types\/post"}],"author":[{"embeddable":true,"href":"https:\/\/etab.ac-reunion.fr\/clg-edmond-albius\/wp-json\/wp\/v2\/users\/17670"}],"replies":[{"embeddable":true,"href":"https:\/\/etab.ac-reunion.fr\/clg-edmond-albius\/wp-json\/wp\/v2\/comments?post=6314"}],"version-history":[{"count":6,"href":"https:\/\/etab.ac-reunion.fr\/clg-edmond-albius\/wp-json\/wp\/v2\/posts\/6314\/revisions"}],"predecessor-version":[{"id":6336,"href":"https:\/\/etab.ac-reunion.fr\/clg-edmond-albius\/wp-json\/wp\/v2\/posts\/6314\/revisions\/6336"}],"wp:attachment":[{"href":"https:\/\/etab.ac-reunion.fr\/clg-edmond-albius\/wp-json\/wp\/v2\/media?parent=6314"}],"wp:term":[{"taxonomy":"category","embeddable":true,"href":"https:\/\/etab.ac-reunion.fr\/clg-edmond-albius\/wp-json\/wp\/v2\/categories?post=6314"},{"taxonomy":"post_tag","embeddable":true,"href":"https:\/\/etab.ac-reunion.fr\/clg-edmond-albius\/wp-json\/wp\/v2\/tags?post=6314"}],"curies":[{"name":"wp","href":"https:\/\/api.w.org\/{rel}","templated":true}]}}